{"id":17625,"date":"2023-11-30T12:55:11","date_gmt":"2023-11-30T09:55:11","guid":{"rendered":"https:\/\/carmistinfoundation.org\/?p=17625"},"modified":"2024-02-14T12:17:31","modified_gmt":"2024-02-14T09:17:31","slug":"alaturi-de-gala-comunitatii-prahovene","status":"publish","type":"post","link":"https:\/\/carmistinfoundation.org\/en\/alaturi-de-gala-comunitatii-prahovene\/","title":{"rendered":"Close to the Community of Prahova County"},"content":{"rendered":"<p>Carmistin Foundation joined the local initiative to reward and celebrate people, values and good deeds for the local community, within the framework of the 2023 Prahovian Community Gala. The event, organised by the Prahova Community Foundation and the Prahova Observatory Group, gathered over 400 participants, nominated and then voted by the public in nine categories - education, health, culture, civic involvement, community, helping others, environment, sport and social support.<\/p>\n\n\n\n<figure class=\"wp-block-gallery has-nested-images columns-default is-cropped wp-block-gallery-1 is-layout-flex wp-block-gallery-is-layout-flex\">\n<figure data-wp-context=\"{&quot;imageId&quot;:&quot;69f276aa07b3c&quot;}\" data-wp-interactive=\"core\/image\" class=\"wp-block-image size-full wp-lightbox-container\"><img fetchpriority=\"high\" decoding=\"async\" width=\"1200\" height=\"675\" data-wp-class--hide=\"state.isContentHidden\" data-wp-class--show=\"state.isContentVisible\" data-wp-init=\"callbacks.setButtonStyles\" data-wp-on-async--click=\"actions.showLightbox\" data-wp-on-async--load=\"callbacks.setButtonStyles\" data-wp-on-async-window--resize=\"callbacks.setButtonStyles\" data-id=\"17627\" src=\"https:\/\/carmistinfoundation.org\/wp-content\/uploads\/2024\/01\/Gala-Comunitatii-Prahovene-fundatia-carmistin-01.jpg\" alt=\"\" class=\"wp-image-17627\" srcset=\"https:\/\/carmistinfoundation.org\/wp-content\/uploads\/2024\/01\/Gala-Comunitatii-Prahovene-fundatia-carmistin-01.jpg 1200w, https:\/\/carmistinfoundation.org\/wp-content\/uploads\/2024\/01\/Gala-Comunitatii-Prahovene-fundatia-carmistin-01-300x169.jpg 300w, https:\/\/carmistinfoundation.org\/wp-content\/uploads\/2024\/01\/Gala-Comunitatii-Prahovene-fundatia-carmistin-01-1024x576.jpg 1024w, https:\/\/carmistinfoundation.org\/wp-content\/uploads\/2024\/01\/Gala-Comunitatii-Prahovene-fundatia-carmistin-01-768x432.jpg 768w, https:\/\/carmistinfoundation.org\/wp-content\/uploads\/2024\/01\/Gala-Comunitatii-Prahovene-fundatia-carmistin-01-600x338.jpg 600w\" sizes=\"(max-width: 1200px) 100vw, 1200px\" \/><button\n\t\t\tclass=\"lightbox-trigger\"\n\t\t\ttype=\"button\"\n\t\t\taria-haspopup=\"dialog\"\n\t\t\taria-label=\"Enlarge\"\n\t\t\tdata-wp-init=\"callbacks.initTriggerButton\"\n\t\t\tdata-wp-on-async--click=\"actions.showLightbox\"\n\t\t\tdata-wp-style--right=\"state.imageButtonRight\"\n\t\t\tdata-wp-style--top=\"state.imageButtonTop\"\n\t\t>\n\t\t\t<svg xmlns=\"http:\/\/www.w3.org\/2000\/svg\" width=\"12\" height=\"12\" fill=\"none\" viewbox=\"0 0 12 12\">\n\t\t\t\t<path fill=\"#fff\" d=\"M2 0a2 2 0 0 0-2 2v2h1.5V2a.5.5 0 0 1 .5-.5h2V0H2Zm2 10.5H2a.5.5 0 0 1-.5-.5V8H0v2a2 2 0 0 0 2 2h2v-1.5ZM8 12v-1.5h2a.5.5 0 0 0 .5-.5V8H12v2a2 2 0 0 1-2 2H8Zm2-12a2 2 0 0 1 2 2v2h-1.5V2a.5.5 0 0 0-.5-.5H8V0h2Z\" \/>\n\t\t\t<\/svg>\n\t\t<\/button><\/figure>\n\n\n\n<figure data-wp-context=\"{&quot;imageId&quot;:&quot;69f276aa07ebd&quot;}\" data-wp-interactive=\"core\/image\" class=\"wp-block-image size-full wp-lightbox-container\"><img decoding=\"async\" width=\"1200\" height=\"801\" data-wp-class--hide=\"state.isContentHidden\" data-wp-class--show=\"state.isContentVisible\" data-wp-init=\"callbacks.setButtonStyles\" data-wp-on-async--click=\"actions.showLightbox\" data-wp-on-async--load=\"callbacks.setButtonStyles\" data-wp-on-async-window--resize=\"callbacks.setButtonStyles\" data-id=\"17628\" src=\"https:\/\/carmistinfoundation.org\/wp-content\/uploads\/2024\/01\/Gala-Comunitatii-Prahovene-fundatia-carmistin-02.jpg\" alt=\"\" class=\"wp-image-17628\" srcset=\"https:\/\/carmistinfoundation.org\/wp-content\/uploads\/2024\/01\/Gala-Comunitatii-Prahovene-fundatia-carmistin-02.jpg 1200w, https:\/\/carmistinfoundation.org\/wp-content\/uploads\/2024\/01\/Gala-Comunitatii-Prahovene-fundatia-carmistin-02-300x200.jpg 300w, https:\/\/carmistinfoundation.org\/wp-content\/uploads\/2024\/01\/Gala-Comunitatii-Prahovene-fundatia-carmistin-02-1024x684.jpg 1024w, https:\/\/carmistinfoundation.org\/wp-content\/uploads\/2024\/01\/Gala-Comunitatii-Prahovene-fundatia-carmistin-02-768x513.jpg 768w, https:\/\/carmistinfoundation.org\/wp-content\/uploads\/2024\/01\/Gala-Comunitatii-Prahovene-fundatia-carmistin-02-600x401.jpg 600w\" sizes=\"(max-width: 1200px) 100vw, 1200px\" \/><button\n\t\t\tclass=\"lightbox-trigger\"\n\t\t\ttype=\"button\"\n\t\t\taria-haspopup=\"dialog\"\n\t\t\taria-label=\"Enlarge\"\n\t\t\tdata-wp-init=\"callbacks.initTriggerButton\"\n\t\t\tdata-wp-on-async--click=\"actions.showLightbox\"\n\t\t\tdata-wp-style--right=\"state.imageButtonRight\"\n\t\t\tdata-wp-style--top=\"state.imageButtonTop\"\n\t\t>\n\t\t\t<svg xmlns=\"http:\/\/www.w3.org\/2000\/svg\" width=\"12\" height=\"12\" fill=\"none\" viewbox=\"0 0 12 12\">\n\t\t\t\t<path fill=\"#fff\" d=\"M2 0a2 2 0 0 0-2 2v2h1.5V2a.5.5 0 0 1 .5-.5h2V0H2Zm2 10.5H2a.5.5 0 0 1-.5-.5V8H0v2a2 2 0 0 0 2 2h2v-1.5ZM8 12v-1.5h2a.5.5 0 0 0 .5-.5V8H12v2a2 2 0 0 1-2 2H8Zm2-12a2 2 0 0 1 2 2v2h-1.5V2a.5.5 0 0 0-.5-.5H8V0h2Z\" \/>\n\t\t\t<\/svg>\n\t\t<\/button><\/figure>\n\n\n\n<figure data-wp-context=\"{&quot;imageId&quot;:&quot;69f276aa0813c&quot;}\" data-wp-interactive=\"core\/image\" class=\"wp-block-image size-full wp-lightbox-container\"><img decoding=\"async\" width=\"1200\" height=\"734\" data-wp-class--hide=\"state.isContentHidden\" data-wp-class--show=\"state.isContentVisible\" data-wp-init=\"callbacks.setButtonStyles\" data-wp-on-async--click=\"actions.showLightbox\" data-wp-on-async--load=\"callbacks.setButtonStyles\" data-wp-on-async-window--resize=\"callbacks.setButtonStyles\" data-id=\"17626\" src=\"https:\/\/carmistinfoundation.org\/wp-content\/uploads\/2024\/01\/Gala-Comunitatii-Prahovene-fundatia-carmistin-03.jpg\" alt=\"\" class=\"wp-image-17626\" srcset=\"https:\/\/carmistinfoundation.org\/wp-content\/uploads\/2024\/01\/Gala-Comunitatii-Prahovene-fundatia-carmistin-03.jpg 1200w, https:\/\/carmistinfoundation.org\/wp-content\/uploads\/2024\/01\/Gala-Comunitatii-Prahovene-fundatia-carmistin-03-300x184.jpg 300w, https:\/\/carmistinfoundation.org\/wp-content\/uploads\/2024\/01\/Gala-Comunitatii-Prahovene-fundatia-carmistin-03-1024x626.jpg 1024w, https:\/\/carmistinfoundation.org\/wp-content\/uploads\/2024\/01\/Gala-Comunitatii-Prahovene-fundatia-carmistin-03-768x470.jpg 768w, https:\/\/carmistinfoundation.org\/wp-content\/uploads\/2024\/01\/Gala-Comunitatii-Prahovene-fundatia-carmistin-03-600x367.jpg 600w\" sizes=\"(max-width: 1200px) 100vw, 1200px\" \/><button\n\t\t\tclass=\"lightbox-trigger\"\n\t\t\ttype=\"button\"\n\t\t\taria-haspopup=\"dialog\"\n\t\t\taria-label=\"Enlarge\"\n\t\t\tdata-wp-init=\"callbacks.initTriggerButton\"\n\t\t\tdata-wp-on-async--click=\"actions.showLightbox\"\n\t\t\tdata-wp-style--right=\"state.imageButtonRight\"\n\t\t\tdata-wp-style--top=\"state.imageButtonTop\"\n\t\t>\n\t\t\t<svg xmlns=\"http:\/\/www.w3.org\/2000\/svg\" width=\"12\" height=\"12\" fill=\"none\" viewbox=\"0 0 12 12\">\n\t\t\t\t<path fill=\"#fff\" d=\"M2 0a2 2 0 0 0-2 2v2h1.5V2a.5.5 0 0 1 .5-.5h2V0H2Zm2 10.5H2a.5.5 0 0 1-.5-.5V8H0v2a2 2 0 0 0 2 2h2v-1.5ZM8 12v-1.5h2a.5.5 0 0 0 .5-.5V8H12v2a2 2 0 0 1-2 2H8Zm2-12a2 2 0 0 1 2 2v2h-1.5V2a.5.5 0 0 0-.5-.5H8V0h2Z\" \/>\n\t\t\t<\/svg>\n\t\t<\/button><\/figure>\n<\/figure>\n\n\n\n<p>A very special moment was provided by the Paul Constantinescu Philharmonica, from Ploiesti, which offered an appreciated music and light show.<\/p>\n\n\n\n<p>Congratulations to all the winners of the Gala!<\/p>","protected":false},"excerpt":{"rendered":"<p>Funda\u021bia Carmistin s-a al\u0103turat ini\u021biativei locale prahovene de a r\u0103spl\u0103ti \u0219i s\u0103rb\u0103tori oamenii, valorile \u0219i faptele bune reprezentative pentru comunitatea local\u0103, \u00een cadrul Galei Comunit\u0103\u021bii Prahovene 2023. Evenimentul, organizat de Funda\u021bia Comunitar\u0103 Prahova \u0219i Grupul Observatorul Prahovean, a reunit peste 400 participan\u021bi, nominaliza\u021bi \u0219i ulterior vota\u021bi de public \u00een cadrul a nou\u0103 categorii \u2013 educa\u021bie, [&hellip;]<\/p>","protected":false},"author":1,"featured_media":17627,"comment_status":"open","ping_status":"closed","sticky":false,"template":"","format":"standard","meta":{"_acf_changed":false,"_monsterinsights_skip_tracking":false,"_monsterinsights_sitenote_active":false,"_monsterinsights_sitenote_note":"","_monsterinsights_sitenote_category":0,"footnotes":""},"categories":[311],"tags":[],"class_list":["post-17625","post","type-post","status-publish","format-standard","has-post-thumbnail","hentry","category-comunitate","entry"],"acf":[],"yoast_head":"<!-- This site is optimized with the Yoast SEO plugin v26.0 - https:\/\/yoast.com\/wordpress\/plugins\/seo\/ -->\n<title>Al\u0103turi de Gala Comunit\u0103\u021bii Prahovene - Funda\u021bia Carmistin<\/title>\n<meta name=\"description\" content=\"Evenimentul, organizat de Funda\u021bia Comunitar\u0103 Prahova \u0219i Grupul Observatorul Prahovean, a reunit peste 400 participan\u021bi, nominaliza\u021bi...\" \/>\n<meta name=\"robots\" content=\"index, follow, max-snippet:-1, max-image-preview:large, max-video-preview:-1\" \/>\n<link rel=\"canonical\" href=\"https:\/\/carmistinfoundation.org\/en\/alaturi-de-gala-comunitatii-prahovene\/\" \/>\n<meta property=\"og:locale\" content=\"en_US\" \/>\n<meta property=\"og:type\" content=\"article\" \/>\n<meta property=\"og:title\" content=\"Al\u0103turi de Gala Comunit\u0103\u021bii Prahovene - Funda\u021bia Carmistin\" \/>\n<meta property=\"og:description\" content=\"Evenimentul, organizat de Funda\u021bia Comunitar\u0103 Prahova \u0219i Grupul Observatorul Prahovean, a reunit peste 400 participan\u021bi, nominaliza\u021bi...\" \/>\n<meta property=\"og:url\" content=\"https:\/\/carmistinfoundation.org\/en\/alaturi-de-gala-comunitatii-prahovene\/\" \/>\n<meta property=\"og:site_name\" content=\"Funda\u021bia Carmistin\" \/>\n<meta property=\"article:published_time\" content=\"2023-11-30T09:55:11+00:00\" \/>\n<meta property=\"article:modified_time\" content=\"2024-02-14T09:17:31+00:00\" \/>\n<meta property=\"og:image\" content=\"https:\/\/carmistinfoundation.org\/wp-content\/uploads\/2024\/01\/Gala-Comunitatii-Prahovene-fundatia-carmistin-01.jpg\" \/>\n\t<meta property=\"og:image:width\" content=\"1200\" \/>\n\t<meta property=\"og:image:height\" content=\"675\" \/>\n\t<meta property=\"og:image:type\" content=\"image\/jpeg\" \/>\n<meta name=\"author\" content=\"krmadmin\" \/>\n<meta name=\"twitter:card\" content=\"summary_large_image\" \/>\n<meta name=\"twitter:label1\" content=\"Written by\" \/>\n\t<meta name=\"twitter:data1\" content=\"krmadmin\" \/>\n\t<meta name=\"twitter:label2\" content=\"Est. reading time\" \/>\n\t<meta name=\"twitter:data2\" content=\"2 minutes\" \/>\n<script type=\"application\/ld+json\" class=\"yoast-schema-graph\">{\"@context\":\"https:\/\/schema.org\",\"@graph\":[{\"@type\":\"Article\",\"@id\":\"https:\/\/carmistinfoundation.org\/alaturi-de-gala-comunitatii-prahovene\/#article\",\"isPartOf\":{\"@id\":\"https:\/\/carmistinfoundation.org\/alaturi-de-gala-comunitatii-prahovene\/\"},\"author\":{\"name\":\"krmadmin\",\"@id\":\"https:\/\/carmistinfoundation.org\/#\/schema\/person\/b671ada89585f8fceee36e5a27e5298c\"},\"headline\":\"Al\u0103turi de Gala Comunit\u0103\u021bii Prahovene\",\"datePublished\":\"2023-11-30T09:55:11+00:00\",\"dateModified\":\"2024-02-14T09:17:31+00:00\",\"mainEntityOfPage\":{\"@id\":\"https:\/\/carmistinfoundation.org\/alaturi-de-gala-comunitatii-prahovene\/\"},\"wordCount\":121,\"commentCount\":0,\"publisher\":{\"@id\":\"https:\/\/carmistinfoundation.org\/#organization\"},\"image\":{\"@id\":\"https:\/\/carmistinfoundation.org\/alaturi-de-gala-comunitatii-prahovene\/#primaryimage\"},\"thumbnailUrl\":\"https:\/\/carmistinfoundation.org\/wp-content\/uploads\/2024\/01\/Gala-Comunitatii-Prahovene-fundatia-carmistin-01.jpg\",\"articleSection\":[\"Comunitate\"],\"inLanguage\":\"en-US\",\"potentialAction\":[{\"@type\":\"CommentAction\",\"name\":\"Comment\",\"target\":[\"https:\/\/carmistinfoundation.org\/alaturi-de-gala-comunitatii-prahovene\/#respond\"]}]},{\"@type\":\"WebPage\",\"@id\":\"https:\/\/carmistinfoundation.org\/alaturi-de-gala-comunitatii-prahovene\/\",\"url\":\"https:\/\/carmistinfoundation.org\/alaturi-de-gala-comunitatii-prahovene\/\",\"name\":\"Al\u0103turi de Gala Comunit\u0103\u021bii Prahovene - Funda\u021bia Carmistin\",\"isPartOf\":{\"@id\":\"https:\/\/carmistinfoundation.org\/#website\"},\"primaryImageOfPage\":{\"@id\":\"https:\/\/carmistinfoundation.org\/alaturi-de-gala-comunitatii-prahovene\/#primaryimage\"},\"image\":{\"@id\":\"https:\/\/carmistinfoundation.org\/alaturi-de-gala-comunitatii-prahovene\/#primaryimage\"},\"thumbnailUrl\":\"https:\/\/carmistinfoundation.org\/wp-content\/uploads\/2024\/01\/Gala-Comunitatii-Prahovene-fundatia-carmistin-01.jpg\",\"datePublished\":\"2023-11-30T09:55:11+00:00\",\"dateModified\":\"2024-02-14T09:17:31+00:00\",\"description\":\"Evenimentul, organizat de Funda\u021bia Comunitar\u0103 Prahova \u0219i Grupul Observatorul Prahovean, a reunit peste 400 participan\u021bi, nominaliza\u021bi...\",\"inLanguage\":\"en-US\",\"potentialAction\":[{\"@type\":\"ReadAction\",\"target\":[\"https:\/\/carmistinfoundation.org\/alaturi-de-gala-comunitatii-prahovene\/\"]}]},{\"@type\":\"ImageObject\",\"inLanguage\":\"en-US\",\"@id\":\"https:\/\/carmistinfoundation.org\/alaturi-de-gala-comunitatii-prahovene\/#primaryimage\",\"url\":\"https:\/\/carmistinfoundation.org\/wp-content\/uploads\/2024\/01\/Gala-Comunitatii-Prahovene-fundatia-carmistin-01.jpg\",\"contentUrl\":\"https:\/\/carmistinfoundation.org\/wp-content\/uploads\/2024\/01\/Gala-Comunitatii-Prahovene-fundatia-carmistin-01.jpg\",\"width\":1200,\"height\":675,\"caption\":\"Gala Comunitatii Prahovene fundatia carmistin\"},{\"@type\":\"WebSite\",\"@id\":\"https:\/\/carmistinfoundation.org\/#website\",\"url\":\"https:\/\/carmistinfoundation.org\/\",\"name\":\"Funda\u021bia Carmistin\",\"description\":\"\",\"publisher\":{\"@id\":\"https:\/\/carmistinfoundation.org\/#organization\"},\"potentialAction\":[{\"@type\":\"SearchAction\",\"target\":{\"@type\":\"EntryPoint\",\"urlTemplate\":\"https:\/\/carmistinfoundation.org\/?s={search_term_string}\"},\"query-input\":{\"@type\":\"PropertyValueSpecification\",\"valueRequired\":true,\"valueName\":\"search_term_string\"}}],\"inLanguage\":\"en-US\"},{\"@type\":\"Organization\",\"@id\":\"https:\/\/carmistinfoundation.org\/#organization\",\"name\":\"Funda\u021bia Carmistin\",\"url\":\"https:\/\/carmistinfoundation.org\/\",\"logo\":{\"@type\":\"ImageObject\",\"inLanguage\":\"en-US\",\"@id\":\"https:\/\/carmistinfoundation.org\/#\/schema\/logo\/image\/\",\"url\":\"https:\/\/carmistinfoundation.org\/wp-content\/uploads\/2020\/08\/logo-fundatia-carmistin_C_ALB.png\",\"contentUrl\":\"https:\/\/carmistinfoundation.org\/wp-content\/uploads\/2020\/08\/logo-fundatia-carmistin_C_ALB.png\",\"width\":2275,\"height\":2275,\"caption\":\"Funda\u021bia Carmistin\"},\"image\":{\"@id\":\"https:\/\/carmistinfoundation.org\/#\/schema\/logo\/image\/\"}},{\"@type\":\"Person\",\"@id\":\"https:\/\/carmistinfoundation.org\/#\/schema\/person\/b671ada89585f8fceee36e5a27e5298c\",\"name\":\"krmadmin\",\"image\":{\"@type\":\"ImageObject\",\"inLanguage\":\"en-US\",\"@id\":\"https:\/\/carmistinfoundation.org\/#\/schema\/person\/image\/\",\"url\":\"https:\/\/secure.gravatar.com\/avatar\/bbf325882b4218c94253349392a49358231982eedb2321f1d33835ff40f65fc1?s=96&d=mm&r=g\",\"contentUrl\":\"https:\/\/secure.gravatar.com\/avatar\/bbf325882b4218c94253349392a49358231982eedb2321f1d33835ff40f65fc1?s=96&d=mm&r=g\",\"caption\":\"krmadmin\"},\"sameAs\":[\"https:\/\/carmistinfoundation.org\"],\"url\":\"https:\/\/carmistinfoundation.org\/en\/author\/krmadmin\/\"}]}<\/script>\n<!-- \/ Yoast SEO plugin. -->","yoast_head_json":{"title":"Al\u0103turi de Gala Comunit\u0103\u021bii Prahovene - Funda\u021bia Carmistin","description":"Evenimentul, organizat de Funda\u021bia Comunitar\u0103 Prahova \u0219i Grupul Observatorul Prahovean, a reunit peste 400 participan\u021bi, nominaliza\u021bi...","robots":{"index":"index","follow":"follow","max-snippet":"max-snippet:-1","max-image-preview":"max-image-preview:large","max-video-preview":"max-video-preview:-1"},"canonical":"https:\/\/carmistinfoundation.org\/en\/alaturi-de-gala-comunitatii-prahovene\/","og_locale":"en_US","og_type":"article","og_title":"Al\u0103turi de Gala Comunit\u0103\u021bii Prahovene - Funda\u021bia Carmistin","og_description":"Evenimentul, organizat de Funda\u021bia Comunitar\u0103 Prahova \u0219i Grupul Observatorul Prahovean, a reunit peste 400 participan\u021bi, nominaliza\u021bi...","og_url":"https:\/\/carmistinfoundation.org\/en\/alaturi-de-gala-comunitatii-prahovene\/","og_site_name":"Funda\u021bia Carmistin","article_published_time":"2023-11-30T09:55:11+00:00","article_modified_time":"2024-02-14T09:17:31+00:00","og_image":[{"width":1200,"height":675,"url":"https:\/\/carmistinfoundation.org\/wp-content\/uploads\/2024\/01\/Gala-Comunitatii-Prahovene-fundatia-carmistin-01.jpg","type":"image\/jpeg"}],"author":"krmadmin","twitter_card":"summary_large_image","twitter_misc":{"Written by":"krmadmin","Est. reading time":"2 minutes"},"schema":{"@context":"https:\/\/schema.org","@graph":[{"@type":"Article","@id":"https:\/\/carmistinfoundation.org\/alaturi-de-gala-comunitatii-prahovene\/#article","isPartOf":{"@id":"https:\/\/carmistinfoundation.org\/alaturi-de-gala-comunitatii-prahovene\/"},"author":{"name":"krmadmin","@id":"https:\/\/carmistinfoundation.org\/#\/schema\/person\/b671ada89585f8fceee36e5a27e5298c"},"headline":"Al\u0103turi de Gala Comunit\u0103\u021bii Prahovene","datePublished":"2023-11-30T09:55:11+00:00","dateModified":"2024-02-14T09:17:31+00:00","mainEntityOfPage":{"@id":"https:\/\/carmistinfoundation.org\/alaturi-de-gala-comunitatii-prahovene\/"},"wordCount":121,"commentCount":0,"publisher":{"@id":"https:\/\/carmistinfoundation.org\/#organization"},"image":{"@id":"https:\/\/carmistinfoundation.org\/alaturi-de-gala-comunitatii-prahovene\/#primaryimage"},"thumbnailUrl":"https:\/\/carmistinfoundation.org\/wp-content\/uploads\/2024\/01\/Gala-Comunitatii-Prahovene-fundatia-carmistin-01.jpg","articleSection":["Comunitate"],"inLanguage":"en-US","potentialAction":[{"@type":"CommentAction","name":"Comment","target":["https:\/\/carmistinfoundation.org\/alaturi-de-gala-comunitatii-prahovene\/#respond"]}]},{"@type":"WebPage","@id":"https:\/\/carmistinfoundation.org\/alaturi-de-gala-comunitatii-prahovene\/","url":"https:\/\/carmistinfoundation.org\/alaturi-de-gala-comunitatii-prahovene\/","name":"Al\u0103turi de Gala Comunit\u0103\u021bii Prahovene - Funda\u021bia Carmistin","isPartOf":{"@id":"https:\/\/carmistinfoundation.org\/#website"},"primaryImageOfPage":{"@id":"https:\/\/carmistinfoundation.org\/alaturi-de-gala-comunitatii-prahovene\/#primaryimage"},"image":{"@id":"https:\/\/carmistinfoundation.org\/alaturi-de-gala-comunitatii-prahovene\/#primaryimage"},"thumbnailUrl":"https:\/\/carmistinfoundation.org\/wp-content\/uploads\/2024\/01\/Gala-Comunitatii-Prahovene-fundatia-carmistin-01.jpg","datePublished":"2023-11-30T09:55:11+00:00","dateModified":"2024-02-14T09:17:31+00:00","description":"Evenimentul, organizat de Funda\u021bia Comunitar\u0103 Prahova \u0219i Grupul Observatorul Prahovean, a reunit peste 400 participan\u021bi, nominaliza\u021bi...","inLanguage":"en-US","potentialAction":[{"@type":"ReadAction","target":["https:\/\/carmistinfoundation.org\/alaturi-de-gala-comunitatii-prahovene\/"]}]},{"@type":"ImageObject","inLanguage":"en-US","@id":"https:\/\/carmistinfoundation.org\/alaturi-de-gala-comunitatii-prahovene\/#primaryimage","url":"https:\/\/carmistinfoundation.org\/wp-content\/uploads\/2024\/01\/Gala-Comunitatii-Prahovene-fundatia-carmistin-01.jpg","contentUrl":"https:\/\/carmistinfoundation.org\/wp-content\/uploads\/2024\/01\/Gala-Comunitatii-Prahovene-fundatia-carmistin-01.jpg","width":1200,"height":675,"caption":"Gala Comunitatii Prahovene fundatia carmistin"},{"@type":"WebSite","@id":"https:\/\/carmistinfoundation.org\/#website","url":"https:\/\/carmistinfoundation.org\/","name":"Carmistin Foundation","description":"","publisher":{"@id":"https:\/\/carmistinfoundation.org\/#organization"},"potentialAction":[{"@type":"SearchAction","target":{"@type":"EntryPoint","urlTemplate":"https:\/\/carmistinfoundation.org\/?s={search_term_string}"},"query-input":{"@type":"PropertyValueSpecification","valueRequired":true,"valueName":"search_term_string"}}],"inLanguage":"en-US"},{"@type":"Organization","@id":"https:\/\/carmistinfoundation.org\/#organization","name":"Carmistin Foundation","url":"https:\/\/carmistinfoundation.org\/","logo":{"@type":"ImageObject","inLanguage":"en-US","@id":"https:\/\/carmistinfoundation.org\/#\/schema\/logo\/image\/","url":"https:\/\/carmistinfoundation.org\/wp-content\/uploads\/2020\/08\/logo-fundatia-carmistin_C_ALB.png","contentUrl":"https:\/\/carmistinfoundation.org\/wp-content\/uploads\/2020\/08\/logo-fundatia-carmistin_C_ALB.png","width":2275,"height":2275,"caption":"Funda\u021bia Carmistin"},"image":{"@id":"https:\/\/carmistinfoundation.org\/#\/schema\/logo\/image\/"}},{"@type":"Person","@id":"https:\/\/carmistinfoundation.org\/#\/schema\/person\/b671ada89585f8fceee36e5a27e5298c","name":"krmadmin","image":{"@type":"ImageObject","inLanguage":"en-US","@id":"https:\/\/carmistinfoundation.org\/#\/schema\/person\/image\/","url":"https:\/\/secure.gravatar.com\/avatar\/bbf325882b4218c94253349392a49358231982eedb2321f1d33835ff40f65fc1?s=96&d=mm&r=g","contentUrl":"https:\/\/secure.gravatar.com\/avatar\/bbf325882b4218c94253349392a49358231982eedb2321f1d33835ff40f65fc1?s=96&d=mm&r=g","caption":"krmadmin"},"sameAs":["https:\/\/carmistinfoundation.org"],"url":"https:\/\/carmistinfoundation.org\/en\/author\/krmadmin\/"}]}},"_links":{"self":[{"href":"https:\/\/carmistinfoundation.org\/en\/wp-json\/wp\/v2\/posts\/17625","targetHints":{"allow":["GET"]}}],"collection":[{"href":"https:\/\/carmistinfoundation.org\/en\/wp-json\/wp\/v2\/posts"}],"about":[{"href":"https:\/\/carmistinfoundation.org\/en\/wp-json\/wp\/v2\/types\/post"}],"author":[{"embeddable":true,"href":"https:\/\/carmistinfoundation.org\/en\/wp-json\/wp\/v2\/users\/1"}],"replies":[{"embeddable":true,"href":"https:\/\/carmistinfoundation.org\/en\/wp-json\/wp\/v2\/comments?post=17625"}],"version-history":[{"count":0,"href":"https:\/\/carmistinfoundation.org\/en\/wp-json\/wp\/v2\/posts\/17625\/revisions"}],"wp:featuredmedia":[{"embeddable":true,"href":"https:\/\/carmistinfoundation.org\/en\/wp-json\/wp\/v2\/media\/17627"}],"wp:attachment":[{"href":"https:\/\/carmistinfoundation.org\/en\/wp-json\/wp\/v2\/media?parent=17625"}],"wp:term":[{"taxonomy":"category","embeddable":true,"href":"https:\/\/carmistinfoundation.org\/en\/wp-json\/wp\/v2\/categories?post=17625"},{"taxonomy":"post_tag","embeddable":true,"href":"https:\/\/carmistinfoundation.org\/en\/wp-json\/wp\/v2\/tags?post=17625"}],"curies":[{"name":"wp","href":"https:\/\/api.w.org\/{rel}","templated":true}]}}