{"id":17919,"date":"2023-04-03T18:17:00","date_gmt":"2023-04-03T15:17:00","guid":{"rendered":"https:\/\/carmistinfoundation.org\/?p=17919"},"modified":"2024-02-14T13:21:04","modified_gmt":"2024-02-14T10:21:04","slug":"am-initiat-ziua-meselor-scolare-in-judetele-valcea-si-gorj","status":"publish","type":"post","link":"https:\/\/carmistinfoundation.org\/en\/am-initiat-ziua-meselor-scolare-in-judetele-valcea-si-gorj\/","title":{"rendered":"We established School Meal Day in Valcea and Gorj counties"},"content":{"rendered":"<p>On Friday, 31st of March 2023, our School Meal Day campaign started in the villages of Tom\u0219ani and Fole\u0219tii de Sus, V\u00e2lcea county and Bolboasa, B\u0103l\u0103ce\u0219ti, Bolbo\u0219i and Valea, Gorj county.<\/p>\n\n\n\n<p>Our initiative consists of distributing hot food packages, prepared from La Provincia's products, in rural schools. In addition to the food, the 336 children our team visited also received sets of school supplies.<\/p>\n\n\n\n<p>School Meal Day is an project that supports the local communities in need and contributes the spreing of kindness society through caring for others and, above all, caring for children.<\/p>\n\n\n\n<p>Thank you for the welcome and involvement of the teaching staff of the schools included in the programme.<\/p>\n\n\n\n<p><\/p>\n\n\n\n<figure class=\"wp-block-gallery has-nested-images columns-default is-cropped wp-block-gallery-1 is-layout-flex wp-block-gallery-is-layout-flex\">\n<figure data-wp-context=\"{&quot;imageId&quot;:&quot;69f57db056933&quot;}\" data-wp-interactive=\"core\/image\" class=\"wp-block-image size-full wp-lightbox-container\"><img fetchpriority=\"high\" decoding=\"async\" width=\"1600\" height=\"1200\" data-wp-class--hide=\"state.isContentHidden\" data-wp-class--show=\"state.isContentVisible\" data-wp-init=\"callbacks.setButtonStyles\" data-wp-on-async--click=\"actions.showLightbox\" data-wp-on-async--load=\"callbacks.setButtonStyles\" data-wp-on-async-window--resize=\"callbacks.setButtonStyles\" data-id=\"17920\" src=\"https:\/\/carmistinfoundation.org\/wp-content\/uploads\/2024\/01\/Ziua-Meselor-Scolare-1-carmistin.jpg\" alt=\"\" class=\"wp-image-17920\" srcset=\"https:\/\/carmistinfoundation.org\/wp-content\/uploads\/2024\/01\/Ziua-Meselor-Scolare-1-carmistin.jpg 1600w, https:\/\/carmistinfoundation.org\/wp-content\/uploads\/2024\/01\/Ziua-Meselor-Scolare-1-carmistin-300x225.jpg 300w, https:\/\/carmistinfoundation.org\/wp-content\/uploads\/2024\/01\/Ziua-Meselor-Scolare-1-carmistin-1024x768.jpg 1024w, https:\/\/carmistinfoundation.org\/wp-content\/uploads\/2024\/01\/Ziua-Meselor-Scolare-1-carmistin-768x576.jpg 768w, https:\/\/carmistinfoundation.org\/wp-content\/uploads\/2024\/01\/Ziua-Meselor-Scolare-1-carmistin-1536x1152.jpg 1536w, https:\/\/carmistinfoundation.org\/wp-content\/uploads\/2024\/01\/Ziua-Meselor-Scolare-1-carmistin-1568x1176.jpg 1568w, https:\/\/carmistinfoundation.org\/wp-content\/uploads\/2024\/01\/Ziua-Meselor-Scolare-1-carmistin-600x450.jpg 600w\" sizes=\"(max-width: 1600px) 100vw, 1600px\" \/><button\n\t\t\tclass=\"lightbox-trigger\"\n\t\t\ttype=\"button\"\n\t\t\taria-haspopup=\"dialog\"\n\t\t\taria-label=\"Enlarge\"\n\t\t\tdata-wp-init=\"callbacks.initTriggerButton\"\n\t\t\tdata-wp-on-async--click=\"actions.showLightbox\"\n\t\t\tdata-wp-style--right=\"state.imageButtonRight\"\n\t\t\tdata-wp-style--top=\"state.imageButtonTop\"\n\t\t>\n\t\t\t<svg xmlns=\"http:\/\/www.w3.org\/2000\/svg\" width=\"12\" height=\"12\" fill=\"none\" viewbox=\"0 0 12 12\">\n\t\t\t\t<path fill=\"#fff\" d=\"M2 0a2 2 0 0 0-2 2v2h1.5V2a.5.5 0 0 1 .5-.5h2V0H2Zm2 10.5H2a.5.5 0 0 1-.5-.5V8H0v2a2 2 0 0 0 2 2h2v-1.5ZM8 12v-1.5h2a.5.5 0 0 0 .5-.5V8H12v2a2 2 0 0 1-2 2H8Zm2-12a2 2 0 0 1 2 2v2h-1.5V2a.5.5 0 0 0-.5-.5H8V0h2Z\" \/>\n\t\t\t<\/svg>\n\t\t<\/button><\/figure>\n\n\n\n<figure data-wp-context=\"{&quot;imageId&quot;:&quot;69f57db056c37&quot;}\" data-wp-interactive=\"core\/image\" class=\"wp-block-image size-full wp-lightbox-container\"><img decoding=\"async\" width=\"707\" height=\"901\" data-wp-class--hide=\"state.isContentHidden\" data-wp-class--show=\"state.isContentVisible\" data-wp-init=\"callbacks.setButtonStyles\" data-wp-on-async--click=\"actions.showLightbox\" data-wp-on-async--load=\"callbacks.setButtonStyles\" data-wp-on-async-window--resize=\"callbacks.setButtonStyles\" data-id=\"17921\" src=\"https:\/\/carmistinfoundation.org\/wp-content\/uploads\/2024\/01\/Ziua-Meselor-Scolare-2-carmistin.jpg\" alt=\"\" class=\"wp-image-17921\" srcset=\"https:\/\/carmistinfoundation.org\/wp-content\/uploads\/2024\/01\/Ziua-Meselor-Scolare-2-carmistin.jpg 707w, https:\/\/carmistinfoundation.org\/wp-content\/uploads\/2024\/01\/Ziua-Meselor-Scolare-2-carmistin-235x300.jpg 235w, https:\/\/carmistinfoundation.org\/wp-content\/uploads\/2024\/01\/Ziua-Meselor-Scolare-2-carmistin-600x765.jpg 600w\" sizes=\"(max-width: 707px) 100vw, 707px\" \/><button\n\t\t\tclass=\"lightbox-trigger\"\n\t\t\ttype=\"button\"\n\t\t\taria-haspopup=\"dialog\"\n\t\t\taria-label=\"Enlarge\"\n\t\t\tdata-wp-init=\"callbacks.initTriggerButton\"\n\t\t\tdata-wp-on-async--click=\"actions.showLightbox\"\n\t\t\tdata-wp-style--right=\"state.imageButtonRight\"\n\t\t\tdata-wp-style--top=\"state.imageButtonTop\"\n\t\t>\n\t\t\t<svg xmlns=\"http:\/\/www.w3.org\/2000\/svg\" width=\"12\" height=\"12\" fill=\"none\" viewbox=\"0 0 12 12\">\n\t\t\t\t<path fill=\"#fff\" d=\"M2 0a2 2 0 0 0-2 2v2h1.5V2a.5.5 0 0 1 .5-.5h2V0H2Zm2 10.5H2a.5.5 0 0 1-.5-.5V8H0v2a2 2 0 0 0 2 2h2v-1.5ZM8 12v-1.5h2a.5.5 0 0 0 .5-.5V8H12v2a2 2 0 0 1-2 2H8Zm2-12a2 2 0 0 1 2 2v2h-1.5V2a.5.5 0 0 0-.5-.5H8V0h2Z\" \/>\n\t\t\t<\/svg>\n\t\t<\/button><\/figure>\n\n\n\n<figure data-wp-context=\"{&quot;imageId&quot;:&quot;69f57db056e5e&quot;}\" data-wp-interactive=\"core\/image\" class=\"wp-block-image size-full wp-lightbox-container\"><img decoding=\"async\" width=\"1200\" height=\"1600\" data-wp-class--hide=\"state.isContentHidden\" data-wp-class--show=\"state.isContentVisible\" data-wp-init=\"callbacks.setButtonStyles\" data-wp-on-async--click=\"actions.showLightbox\" data-wp-on-async--load=\"callbacks.setButtonStyles\" data-wp-on-async-window--resize=\"callbacks.setButtonStyles\" data-id=\"17922\" src=\"https:\/\/carmistinfoundation.org\/wp-content\/uploads\/2024\/01\/Ziua-Meselor-Scolare-3-carmistin.jpg\" alt=\"\" class=\"wp-image-17922\" srcset=\"https:\/\/carmistinfoundation.org\/wp-content\/uploads\/2024\/01\/Ziua-Meselor-Scolare-3-carmistin.jpg 1200w, https:\/\/carmistinfoundation.org\/wp-content\/uploads\/2024\/01\/Ziua-Meselor-Scolare-3-carmistin-225x300.jpg 225w, https:\/\/carmistinfoundation.org\/wp-content\/uploads\/2024\/01\/Ziua-Meselor-Scolare-3-carmistin-768x1024.jpg 768w, https:\/\/carmistinfoundation.org\/wp-content\/uploads\/2024\/01\/Ziua-Meselor-Scolare-3-carmistin-1152x1536.jpg 1152w, https:\/\/carmistinfoundation.org\/wp-content\/uploads\/2024\/01\/Ziua-Meselor-Scolare-3-carmistin-600x800.jpg 600w\" sizes=\"(max-width: 1200px) 100vw, 1200px\" \/><button\n\t\t\tclass=\"lightbox-trigger\"\n\t\t\ttype=\"button\"\n\t\t\taria-haspopup=\"dialog\"\n\t\t\taria-label=\"Enlarge\"\n\t\t\tdata-wp-init=\"callbacks.initTriggerButton\"\n\t\t\tdata-wp-on-async--click=\"actions.showLightbox\"\n\t\t\tdata-wp-style--right=\"state.imageButtonRight\"\n\t\t\tdata-wp-style--top=\"state.imageButtonTop\"\n\t\t>\n\t\t\t<svg xmlns=\"http:\/\/www.w3.org\/2000\/svg\" width=\"12\" height=\"12\" fill=\"none\" viewbox=\"0 0 12 12\">\n\t\t\t\t<path fill=\"#fff\" d=\"M2 0a2 2 0 0 0-2 2v2h1.5V2a.5.5 0 0 1 .5-.5h2V0H2Zm2 10.5H2a.5.5 0 0 1-.5-.5V8H0v2a2 2 0 0 0 2 2h2v-1.5ZM8 12v-1.5h2a.5.5 0 0 0 .5-.5V8H12v2a2 2 0 0 1-2 2H8Zm2-12a2 2 0 0 1 2 2v2h-1.5V2a.5.5 0 0 0-.5-.5H8V0h2Z\" \/>\n\t\t\t<\/svg>\n\t\t<\/button><\/figure>\n<\/figure>","protected":false},"excerpt":{"rendered":"<p>Vineri, 31 martie 2023, campania noastr\u0103, Ziua Meselor \u0218colare a debutat \u00een \u0219colile din satele Tom\u0219ani \u0219i Fole\u0219tii de Sus, jude\u021bul V\u00e2lcea \u0219i Bolboasa, B\u0103l\u0103ce\u0219ti, Bolbo\u0219i \u0219i Valea, jude\u021bul Gorj. Ini\u021biativa const\u0103 \u00een distribuirea, \u00een \u0219colile din mediul rural, de pachete cu hran\u0103 cald\u0103, preparat\u0103 din portofoliul de produse La Provincia. Pe l\u00e2ng\u0103 hran\u0103, cei [&hellip;]<\/p>","protected":false},"author":1,"featured_media":17920,"comment_status":"open","ping_status":"closed","sticky":false,"template":"","format":"standard","meta":{"_acf_changed":false,"_monsterinsights_skip_tracking":false,"_monsterinsights_sitenote_active":false,"_monsterinsights_sitenote_note":"","_monsterinsights_sitenote_category":0,"footnotes":""},"categories":[316],"tags":[],"class_list":["post-17919","post","type-post","status-publish","format-standard","has-post-thumbnail","hentry","category-proiecte-si-campanii","entry"],"acf":[],"yoast_head":"<!-- This site is optimized with the Yoast SEO plugin v26.0 - https:\/\/yoast.com\/wordpress\/plugins\/seo\/ -->\n<title>Am ini\u021biat Ziua Meselor \u0218colare \u00een jude\u021bele V\u00e2lcea \u0219i Gorj - Funda\u021bia Carmistin<\/title>\n<meta name=\"description\" content=\"Vineri, 31 martie 2023, campania noastr\u0103, Ziua Meselor \u0218colare a debutat \u00een \u0219colile din satele Tom\u0219ani \u0219i Fole\u0219tii de Sus, jude\u021bul V\u00e2lcea.\" \/>\n<meta name=\"robots\" content=\"index, follow, max-snippet:-1, max-image-preview:large, max-video-preview:-1\" \/>\n<link rel=\"canonical\" href=\"https:\/\/carmistinfoundation.org\/en\/am-initiat-ziua-meselor-scolare-in-judetele-valcea-si-gorj\/\" \/>\n<meta property=\"og:locale\" content=\"en_US\" \/>\n<meta property=\"og:type\" content=\"article\" \/>\n<meta property=\"og:title\" content=\"Am ini\u021biat Ziua Meselor \u0218colare \u00een jude\u021bele V\u00e2lcea \u0219i Gorj - Funda\u021bia Carmistin\" \/>\n<meta property=\"og:description\" content=\"Vineri, 31 martie 2023, campania noastr\u0103, Ziua Meselor \u0218colare a debutat \u00een \u0219colile din satele Tom\u0219ani \u0219i Fole\u0219tii de Sus, jude\u021bul V\u00e2lcea.\" \/>\n<meta property=\"og:url\" content=\"https:\/\/carmistinfoundation.org\/en\/am-initiat-ziua-meselor-scolare-in-judetele-valcea-si-gorj\/\" \/>\n<meta property=\"og:site_name\" content=\"Funda\u021bia Carmistin\" \/>\n<meta property=\"article:published_time\" content=\"2023-04-03T15:17:00+00:00\" \/>\n<meta property=\"article:modified_time\" content=\"2024-02-14T10:21:04+00:00\" \/>\n<meta property=\"og:image\" content=\"https:\/\/carmistinfoundation.org\/wp-content\/uploads\/2024\/01\/Ziua-Meselor-Scolare-1-carmistin.jpg\" \/>\n\t<meta property=\"og:image:width\" content=\"1600\" \/>\n\t<meta property=\"og:image:height\" content=\"1200\" \/>\n\t<meta property=\"og:image:type\" content=\"image\/jpeg\" \/>\n<meta name=\"author\" content=\"krmadmin\" \/>\n<meta name=\"twitter:card\" content=\"summary_large_image\" \/>\n<meta name=\"twitter:label1\" content=\"Written by\" \/>\n\t<meta name=\"twitter:data1\" content=\"krmadmin\" \/>\n\t<meta name=\"twitter:label2\" content=\"Est. reading time\" \/>\n\t<meta name=\"twitter:data2\" content=\"2 minutes\" \/>\n<script type=\"application\/ld+json\" class=\"yoast-schema-graph\">{\"@context\":\"https:\/\/schema.org\",\"@graph\":[{\"@type\":\"Article\",\"@id\":\"https:\/\/carmistinfoundation.org\/am-initiat-ziua-meselor-scolare-in-judetele-valcea-si-gorj\/#article\",\"isPartOf\":{\"@id\":\"https:\/\/carmistinfoundation.org\/am-initiat-ziua-meselor-scolare-in-judetele-valcea-si-gorj\/\"},\"author\":{\"name\":\"krmadmin\",\"@id\":\"https:\/\/carmistinfoundation.org\/#\/schema\/person\/b671ada89585f8fceee36e5a27e5298c\"},\"headline\":\"Am ini\u021biat Ziua Meselor \u0218colare \u00een jude\u021bele V\u00e2lcea \u0219i Gorj\",\"datePublished\":\"2023-04-03T15:17:00+00:00\",\"dateModified\":\"2024-02-14T10:21:04+00:00\",\"mainEntityOfPage\":{\"@id\":\"https:\/\/carmistinfoundation.org\/am-initiat-ziua-meselor-scolare-in-judetele-valcea-si-gorj\/\"},\"wordCount\":155,\"commentCount\":0,\"publisher\":{\"@id\":\"https:\/\/carmistinfoundation.org\/#organization\"},\"image\":{\"@id\":\"https:\/\/carmistinfoundation.org\/am-initiat-ziua-meselor-scolare-in-judetele-valcea-si-gorj\/#primaryimage\"},\"thumbnailUrl\":\"https:\/\/carmistinfoundation.org\/wp-content\/uploads\/2024\/01\/Ziua-Meselor-Scolare-1-carmistin.jpg\",\"articleSection\":[\"Proiecte \u0219i campanii\"],\"inLanguage\":\"en-US\",\"potentialAction\":[{\"@type\":\"CommentAction\",\"name\":\"Comment\",\"target\":[\"https:\/\/carmistinfoundation.org\/am-initiat-ziua-meselor-scolare-in-judetele-valcea-si-gorj\/#respond\"]}]},{\"@type\":\"WebPage\",\"@id\":\"https:\/\/carmistinfoundation.org\/am-initiat-ziua-meselor-scolare-in-judetele-valcea-si-gorj\/\",\"url\":\"https:\/\/carmistinfoundation.org\/am-initiat-ziua-meselor-scolare-in-judetele-valcea-si-gorj\/\",\"name\":\"Am ini\u021biat Ziua Meselor \u0218colare \u00een jude\u021bele V\u00e2lcea \u0219i Gorj - Funda\u021bia Carmistin\",\"isPartOf\":{\"@id\":\"https:\/\/carmistinfoundation.org\/#website\"},\"primaryImageOfPage\":{\"@id\":\"https:\/\/carmistinfoundation.org\/am-initiat-ziua-meselor-scolare-in-judetele-valcea-si-gorj\/#primaryimage\"},\"image\":{\"@id\":\"https:\/\/carmistinfoundation.org\/am-initiat-ziua-meselor-scolare-in-judetele-valcea-si-gorj\/#primaryimage\"},\"thumbnailUrl\":\"https:\/\/carmistinfoundation.org\/wp-content\/uploads\/2024\/01\/Ziua-Meselor-Scolare-1-carmistin.jpg\",\"datePublished\":\"2023-04-03T15:17:00+00:00\",\"dateModified\":\"2024-02-14T10:21:04+00:00\",\"description\":\"Vineri, 31 martie 2023, campania noastr\u0103, Ziua Meselor \u0218colare a debutat \u00een \u0219colile din satele Tom\u0219ani \u0219i Fole\u0219tii de Sus, jude\u021bul V\u00e2lcea.\",\"inLanguage\":\"en-US\",\"potentialAction\":[{\"@type\":\"ReadAction\",\"target\":[\"https:\/\/carmistinfoundation.org\/am-initiat-ziua-meselor-scolare-in-judetele-valcea-si-gorj\/\"]}]},{\"@type\":\"ImageObject\",\"inLanguage\":\"en-US\",\"@id\":\"https:\/\/carmistinfoundation.org\/am-initiat-ziua-meselor-scolare-in-judetele-valcea-si-gorj\/#primaryimage\",\"url\":\"https:\/\/carmistinfoundation.org\/wp-content\/uploads\/2024\/01\/Ziua-Meselor-Scolare-1-carmistin.jpg\",\"contentUrl\":\"https:\/\/carmistinfoundation.org\/wp-content\/uploads\/2024\/01\/Ziua-Meselor-Scolare-1-carmistin.jpg\",\"width\":1600,\"height\":1200,\"caption\":\"Ziua Meselor Scolare fundatia carmistin\"},{\"@type\":\"WebSite\",\"@id\":\"https:\/\/carmistinfoundation.org\/#website\",\"url\":\"https:\/\/carmistinfoundation.org\/\",\"name\":\"Funda\u021bia Carmistin\",\"description\":\"\",\"publisher\":{\"@id\":\"https:\/\/carmistinfoundation.org\/#organization\"},\"potentialAction\":[{\"@type\":\"SearchAction\",\"target\":{\"@type\":\"EntryPoint\",\"urlTemplate\":\"https:\/\/carmistinfoundation.org\/?s={search_term_string}\"},\"query-input\":{\"@type\":\"PropertyValueSpecification\",\"valueRequired\":true,\"valueName\":\"search_term_string\"}}],\"inLanguage\":\"en-US\"},{\"@type\":\"Organization\",\"@id\":\"https:\/\/carmistinfoundation.org\/#organization\",\"name\":\"Funda\u021bia Carmistin\",\"url\":\"https:\/\/carmistinfoundation.org\/\",\"logo\":{\"@type\":\"ImageObject\",\"inLanguage\":\"en-US\",\"@id\":\"https:\/\/carmistinfoundation.org\/#\/schema\/logo\/image\/\",\"url\":\"https:\/\/carmistinfoundation.org\/wp-content\/uploads\/2020\/08\/logo-fundatia-carmistin_C_ALB.png\",\"contentUrl\":\"https:\/\/carmistinfoundation.org\/wp-content\/uploads\/2020\/08\/logo-fundatia-carmistin_C_ALB.png\",\"width\":2275,\"height\":2275,\"caption\":\"Funda\u021bia Carmistin\"},\"image\":{\"@id\":\"https:\/\/carmistinfoundation.org\/#\/schema\/logo\/image\/\"}},{\"@type\":\"Person\",\"@id\":\"https:\/\/carmistinfoundation.org\/#\/schema\/person\/b671ada89585f8fceee36e5a27e5298c\",\"name\":\"krmadmin\",\"image\":{\"@type\":\"ImageObject\",\"inLanguage\":\"en-US\",\"@id\":\"https:\/\/carmistinfoundation.org\/#\/schema\/person\/image\/\",\"url\":\"https:\/\/secure.gravatar.com\/avatar\/bbf325882b4218c94253349392a49358231982eedb2321f1d33835ff40f65fc1?s=96&d=mm&r=g\",\"contentUrl\":\"https:\/\/secure.gravatar.com\/avatar\/bbf325882b4218c94253349392a49358231982eedb2321f1d33835ff40f65fc1?s=96&d=mm&r=g\",\"caption\":\"krmadmin\"},\"sameAs\":[\"https:\/\/carmistinfoundation.org\"],\"url\":\"https:\/\/carmistinfoundation.org\/en\/author\/krmadmin\/\"}]}<\/script>\n<!-- \/ Yoast SEO plugin. -->","yoast_head_json":{"title":"Am ini\u021biat Ziua Meselor \u0218colare \u00een jude\u021bele V\u00e2lcea \u0219i Gorj - Funda\u021bia Carmistin","description":"Vineri, 31 martie 2023, campania noastr\u0103, Ziua Meselor \u0218colare a debutat \u00een \u0219colile din satele Tom\u0219ani \u0219i Fole\u0219tii de Sus, jude\u021bul V\u00e2lcea.","robots":{"index":"index","follow":"follow","max-snippet":"max-snippet:-1","max-image-preview":"max-image-preview:large","max-video-preview":"max-video-preview:-1"},"canonical":"https:\/\/carmistinfoundation.org\/en\/am-initiat-ziua-meselor-scolare-in-judetele-valcea-si-gorj\/","og_locale":"en_US","og_type":"article","og_title":"Am ini\u021biat Ziua Meselor \u0218colare \u00een jude\u021bele V\u00e2lcea \u0219i Gorj - Funda\u021bia Carmistin","og_description":"Vineri, 31 martie 2023, campania noastr\u0103, Ziua Meselor \u0218colare a debutat \u00een \u0219colile din satele Tom\u0219ani \u0219i Fole\u0219tii de Sus, jude\u021bul V\u00e2lcea.","og_url":"https:\/\/carmistinfoundation.org\/en\/am-initiat-ziua-meselor-scolare-in-judetele-valcea-si-gorj\/","og_site_name":"Funda\u021bia Carmistin","article_published_time":"2023-04-03T15:17:00+00:00","article_modified_time":"2024-02-14T10:21:04+00:00","og_image":[{"width":1600,"height":1200,"url":"https:\/\/carmistinfoundation.org\/wp-content\/uploads\/2024\/01\/Ziua-Meselor-Scolare-1-carmistin.jpg","type":"image\/jpeg"}],"author":"krmadmin","twitter_card":"summary_large_image","twitter_misc":{"Written by":"krmadmin","Est. reading time":"2 minutes"},"schema":{"@context":"https:\/\/schema.org","@graph":[{"@type":"Article","@id":"https:\/\/carmistinfoundation.org\/am-initiat-ziua-meselor-scolare-in-judetele-valcea-si-gorj\/#article","isPartOf":{"@id":"https:\/\/carmistinfoundation.org\/am-initiat-ziua-meselor-scolare-in-judetele-valcea-si-gorj\/"},"author":{"name":"krmadmin","@id":"https:\/\/carmistinfoundation.org\/#\/schema\/person\/b671ada89585f8fceee36e5a27e5298c"},"headline":"Am ini\u021biat Ziua Meselor \u0218colare \u00een jude\u021bele V\u00e2lcea \u0219i Gorj","datePublished":"2023-04-03T15:17:00+00:00","dateModified":"2024-02-14T10:21:04+00:00","mainEntityOfPage":{"@id":"https:\/\/carmistinfoundation.org\/am-initiat-ziua-meselor-scolare-in-judetele-valcea-si-gorj\/"},"wordCount":155,"commentCount":0,"publisher":{"@id":"https:\/\/carmistinfoundation.org\/#organization"},"image":{"@id":"https:\/\/carmistinfoundation.org\/am-initiat-ziua-meselor-scolare-in-judetele-valcea-si-gorj\/#primaryimage"},"thumbnailUrl":"https:\/\/carmistinfoundation.org\/wp-content\/uploads\/2024\/01\/Ziua-Meselor-Scolare-1-carmistin.jpg","articleSection":["Proiecte \u0219i campanii"],"inLanguage":"en-US","potentialAction":[{"@type":"CommentAction","name":"Comment","target":["https:\/\/carmistinfoundation.org\/am-initiat-ziua-meselor-scolare-in-judetele-valcea-si-gorj\/#respond"]}]},{"@type":"WebPage","@id":"https:\/\/carmistinfoundation.org\/am-initiat-ziua-meselor-scolare-in-judetele-valcea-si-gorj\/","url":"https:\/\/carmistinfoundation.org\/am-initiat-ziua-meselor-scolare-in-judetele-valcea-si-gorj\/","name":"Am ini\u021biat Ziua Meselor \u0218colare \u00een jude\u021bele V\u00e2lcea \u0219i Gorj - Funda\u021bia Carmistin","isPartOf":{"@id":"https:\/\/carmistinfoundation.org\/#website"},"primaryImageOfPage":{"@id":"https:\/\/carmistinfoundation.org\/am-initiat-ziua-meselor-scolare-in-judetele-valcea-si-gorj\/#primaryimage"},"image":{"@id":"https:\/\/carmistinfoundation.org\/am-initiat-ziua-meselor-scolare-in-judetele-valcea-si-gorj\/#primaryimage"},"thumbnailUrl":"https:\/\/carmistinfoundation.org\/wp-content\/uploads\/2024\/01\/Ziua-Meselor-Scolare-1-carmistin.jpg","datePublished":"2023-04-03T15:17:00+00:00","dateModified":"2024-02-14T10:21:04+00:00","description":"Vineri, 31 martie 2023, campania noastr\u0103, Ziua Meselor \u0218colare a debutat \u00een \u0219colile din satele Tom\u0219ani \u0219i Fole\u0219tii de Sus, jude\u021bul V\u00e2lcea.","inLanguage":"en-US","potentialAction":[{"@type":"ReadAction","target":["https:\/\/carmistinfoundation.org\/am-initiat-ziua-meselor-scolare-in-judetele-valcea-si-gorj\/"]}]},{"@type":"ImageObject","inLanguage":"en-US","@id":"https:\/\/carmistinfoundation.org\/am-initiat-ziua-meselor-scolare-in-judetele-valcea-si-gorj\/#primaryimage","url":"https:\/\/carmistinfoundation.org\/wp-content\/uploads\/2024\/01\/Ziua-Meselor-Scolare-1-carmistin.jpg","contentUrl":"https:\/\/carmistinfoundation.org\/wp-content\/uploads\/2024\/01\/Ziua-Meselor-Scolare-1-carmistin.jpg","width":1600,"height":1200,"caption":"Ziua Meselor Scolare fundatia carmistin"},{"@type":"WebSite","@id":"https:\/\/carmistinfoundation.org\/#website","url":"https:\/\/carmistinfoundation.org\/","name":"Carmistin Foundation","description":"","publisher":{"@id":"https:\/\/carmistinfoundation.org\/#organization"},"potentialAction":[{"@type":"SearchAction","target":{"@type":"EntryPoint","urlTemplate":"https:\/\/carmistinfoundation.org\/?s={search_term_string}"},"query-input":{"@type":"PropertyValueSpecification","valueRequired":true,"valueName":"search_term_string"}}],"inLanguage":"en-US"},{"@type":"Organization","@id":"https:\/\/carmistinfoundation.org\/#organization","name":"Carmistin Foundation","url":"https:\/\/carmistinfoundation.org\/","logo":{"@type":"ImageObject","inLanguage":"en-US","@id":"https:\/\/carmistinfoundation.org\/#\/schema\/logo\/image\/","url":"https:\/\/carmistinfoundation.org\/wp-content\/uploads\/2020\/08\/logo-fundatia-carmistin_C_ALB.png","contentUrl":"https:\/\/carmistinfoundation.org\/wp-content\/uploads\/2020\/08\/logo-fundatia-carmistin_C_ALB.png","width":2275,"height":2275,"caption":"Funda\u021bia Carmistin"},"image":{"@id":"https:\/\/carmistinfoundation.org\/#\/schema\/logo\/image\/"}},{"@type":"Person","@id":"https:\/\/carmistinfoundation.org\/#\/schema\/person\/b671ada89585f8fceee36e5a27e5298c","name":"krmadmin","image":{"@type":"ImageObject","inLanguage":"en-US","@id":"https:\/\/carmistinfoundation.org\/#\/schema\/person\/image\/","url":"https:\/\/secure.gravatar.com\/avatar\/bbf325882b4218c94253349392a49358231982eedb2321f1d33835ff40f65fc1?s=96&d=mm&r=g","contentUrl":"https:\/\/secure.gravatar.com\/avatar\/bbf325882b4218c94253349392a49358231982eedb2321f1d33835ff40f65fc1?s=96&d=mm&r=g","caption":"krmadmin"},"sameAs":["https:\/\/carmistinfoundation.org"],"url":"https:\/\/carmistinfoundation.org\/en\/author\/krmadmin\/"}]}},"_links":{"self":[{"href":"https:\/\/carmistinfoundation.org\/en\/wp-json\/wp\/v2\/posts\/17919","targetHints":{"allow":["GET"]}}],"collection":[{"href":"https:\/\/carmistinfoundation.org\/en\/wp-json\/wp\/v2\/posts"}],"about":[{"href":"https:\/\/carmistinfoundation.org\/en\/wp-json\/wp\/v2\/types\/post"}],"author":[{"embeddable":true,"href":"https:\/\/carmistinfoundation.org\/en\/wp-json\/wp\/v2\/users\/1"}],"replies":[{"embeddable":true,"href":"https:\/\/carmistinfoundation.org\/en\/wp-json\/wp\/v2\/comments?post=17919"}],"version-history":[{"count":0,"href":"https:\/\/carmistinfoundation.org\/en\/wp-json\/wp\/v2\/posts\/17919\/revisions"}],"wp:featuredmedia":[{"embeddable":true,"href":"https:\/\/carmistinfoundation.org\/en\/wp-json\/wp\/v2\/media\/17920"}],"wp:attachment":[{"href":"https:\/\/carmistinfoundation.org\/en\/wp-json\/wp\/v2\/media?parent=17919"}],"wp:term":[{"taxonomy":"category","embeddable":true,"href":"https:\/\/carmistinfoundation.org\/en\/wp-json\/wp\/v2\/categories?post=17919"},{"taxonomy":"post_tag","embeddable":true,"href":"https:\/\/carmistinfoundation.org\/en\/wp-json\/wp\/v2\/tags?post=17919"}],"curies":[{"name":"wp","href":"https:\/\/api.w.org\/{rel}","templated":true}]}}