{"id":17930,"date":"2023-08-07T18:38:28","date_gmt":"2023-08-07T15:38:28","guid":{"rendered":"https:\/\/carmistinfoundation.org\/?p=17930"},"modified":"2024-02-14T12:27:26","modified_gmt":"2024-02-14T09:27:26","slug":"ampla-campanie-de-donatii-alimente-derulata-in-luna-august","status":"publish","type":"post","link":"https:\/\/carmistinfoundation.org\/en\/ampla-campanie-de-donatii-alimente-derulata-in-luna-august\/","title":{"rendered":"Large-scale food donation campaign in August"},"content":{"rendered":"<p>Starting this year, we run a large food donation campaign every summer as part of our efforts to make change for communities in need. Our actions are carried out nationally and consist of donations of food packages of La Provincia goods to hospitals, social centres, elderly people homes and families in need. The BIO egg donations were the first stage of this project.<\/p>\n\n\n\n<p>Thus, 45,000 BIO La Provincia eggs were distributed, in conditions of maximum food safety and hygiene, in the villages of Scoar\u021ba, Turburea, S\u0103celu, Alimpe\u0219ti, Prigoria, Polovragi and \u021a\u0103n\u021b\u0103reni, in Gorj county.<\/p>\n\n\n\n<figure data-wp-context=\"{&quot;imageId&quot;:&quot;69f2561e8aede&quot;}\" data-wp-interactive=\"core\/image\" class=\"wp-block-image size-large wp-lightbox-container\"><img fetchpriority=\"high\" decoding=\"async\" width=\"1024\" height=\"794\" data-wp-class--hide=\"state.isContentHidden\" data-wp-class--show=\"state.isContentVisible\" data-wp-init=\"callbacks.setButtonStyles\" data-wp-on-async--click=\"actions.showLightbox\" data-wp-on-async--load=\"callbacks.setButtonStyles\" data-wp-on-async-window--resize=\"callbacks.setButtonStyles\" src=\"https:\/\/carmistinfoundation.org\/wp-content\/uploads\/2024\/01\/campanie-de-donatii-alimente-carmistin-2-1024x794.jpg\" alt=\"\" class=\"wp-image-17932\" srcset=\"https:\/\/carmistinfoundation.org\/wp-content\/uploads\/2024\/01\/campanie-de-donatii-alimente-carmistin-2-1024x794.jpg 1024w, https:\/\/carmistinfoundation.org\/wp-content\/uploads\/2024\/01\/campanie-de-donatii-alimente-carmistin-2-300x233.jpg 300w, https:\/\/carmistinfoundation.org\/wp-content\/uploads\/2024\/01\/campanie-de-donatii-alimente-carmistin-2-768x595.jpg 768w, https:\/\/carmistinfoundation.org\/wp-content\/uploads\/2024\/01\/campanie-de-donatii-alimente-carmistin-2-1536x1191.jpg 1536w, https:\/\/carmistinfoundation.org\/wp-content\/uploads\/2024\/01\/campanie-de-donatii-alimente-carmistin-2-600x465.jpg 600w, https:\/\/carmistinfoundation.org\/wp-content\/uploads\/2024\/01\/campanie-de-donatii-alimente-carmistin-2.jpg 1548w\" sizes=\"(max-width: 1024px) 100vw, 1024px\" \/><button\n\t\t\tclass=\"lightbox-trigger\"\n\t\t\ttype=\"button\"\n\t\t\taria-haspopup=\"dialog\"\n\t\t\taria-label=\"Enlarge\"\n\t\t\tdata-wp-init=\"callbacks.initTriggerButton\"\n\t\t\tdata-wp-on-async--click=\"actions.showLightbox\"\n\t\t\tdata-wp-style--right=\"state.imageButtonRight\"\n\t\t\tdata-wp-style--top=\"state.imageButtonTop\"\n\t\t>\n\t\t\t<svg xmlns=\"http:\/\/www.w3.org\/2000\/svg\" width=\"12\" height=\"12\" fill=\"none\" viewbox=\"0 0 12 12\">\n\t\t\t\t<path fill=\"#fff\" d=\"M2 0a2 2 0 0 0-2 2v2h1.5V2a.5.5 0 0 1 .5-.5h2V0H2Zm2 10.5H2a.5.5 0 0 1-.5-.5V8H0v2a2 2 0 0 0 2 2h2v-1.5ZM8 12v-1.5h2a.5.5 0 0 0 .5-.5V8H12v2a2 2 0 0 1-2 2H8Zm2-12a2 2 0 0 1 2 2v2h-1.5V2a.5.5 0 0 0-.5-.5H8V0h2Z\" \/>\n\t\t\t<\/svg>\n\t\t<\/button><\/figure>\n\n\n\n<p>Another 10,000 BIO La Provincia eggs were donated by our teams to several social canteens, residential centres, such as Sf. Ana, Sf. Maria and Sf. Filofteea Canteens, the Old People's Home at the Bird Monastery and the one belonging to the Precupe\u021bii Vechi Parish, as well as to the Children's Day Care Centre \"Sf. Mc. Sofia\". More than 2,000 BIO eggs also arrived in Bacau County.<\/p>","protected":false},"excerpt":{"rendered":"<p>\u00cencep\u00e2nd din acest an, derul\u0103m, \u00een fiecare var\u0103, o ampl\u0103 campanie de dona\u021bii alimente, ca parte a eforturilor noastre de a fi prezen\u021bi c\u00e2t mai mult \u00een via\u021ba comunit\u0103\u021bii. Ac\u021biunile se desf\u0103\u0219oar\u0103 simultan, la nivel na\u021bional \u0219i constau \u00een dona\u021bii de pachete cu alimente din portofoliul La Provincia, c\u0103tre spitale, centre sociale, c\u0103mine de b\u0103tr\u00e2ni, [&hellip;]<\/p>","protected":false},"author":1,"featured_media":17931,"comment_status":"open","ping_status":"closed","sticky":false,"template":"","format":"standard","meta":{"_acf_changed":false,"_monsterinsights_skip_tracking":false,"_monsterinsights_sitenote_active":false,"_monsterinsights_sitenote_note":"","_monsterinsights_sitenote_category":0,"footnotes":""},"categories":[316],"tags":[],"class_list":["post-17930","post","type-post","status-publish","format-standard","has-post-thumbnail","hentry","category-proiecte-si-campanii","entry"],"acf":[],"yoast_head":"<!-- This site is optimized with the Yoast SEO plugin v26.0 - https:\/\/yoast.com\/wordpress\/plugins\/seo\/ -->\n<title>Ampl\u0103 campanie de dona\u021bii alimente, derulat\u0103 \u00een luna august - Funda\u021bia Carmistin<\/title>\n<meta name=\"description\" content=\"\u00cencep\u00e2nd din acest an, derul\u0103m, \u00een fiecare var\u0103, o ampl\u0103 campanie de dona\u021bii alimente, ca parte a eforturilor noastre de a fi prezen\u021bi...\" \/>\n<meta name=\"robots\" content=\"index, follow, max-snippet:-1, max-image-preview:large, max-video-preview:-1\" \/>\n<link rel=\"canonical\" href=\"https:\/\/carmistinfoundation.org\/en\/ampla-campanie-de-donatii-alimente-derulata-in-luna-august\/\" \/>\n<meta property=\"og:locale\" content=\"en_US\" \/>\n<meta property=\"og:type\" content=\"article\" \/>\n<meta property=\"og:title\" content=\"Ampl\u0103 campanie de dona\u021bii alimente, derulat\u0103 \u00een luna august - Funda\u021bia Carmistin\" \/>\n<meta property=\"og:description\" content=\"\u00cencep\u00e2nd din acest an, derul\u0103m, \u00een fiecare var\u0103, o ampl\u0103 campanie de dona\u021bii alimente, ca parte a eforturilor noastre de a fi prezen\u021bi...\" \/>\n<meta property=\"og:url\" content=\"https:\/\/carmistinfoundation.org\/en\/ampla-campanie-de-donatii-alimente-derulata-in-luna-august\/\" \/>\n<meta property=\"og:site_name\" content=\"Funda\u021bia Carmistin\" \/>\n<meta property=\"article:published_time\" content=\"2023-08-07T15:38:28+00:00\" \/>\n<meta property=\"article:modified_time\" content=\"2024-02-14T09:27:26+00:00\" \/>\n<meta property=\"og:image\" content=\"https:\/\/carmistinfoundation.org\/wp-content\/uploads\/2024\/01\/campanie-de-donatii-alimente-carmistin-1.jpg\" \/>\n\t<meta property=\"og:image:width\" content=\"1213\" \/>\n\t<meta property=\"og:image:height\" content=\"740\" \/>\n\t<meta property=\"og:image:type\" content=\"image\/jpeg\" \/>\n<meta name=\"author\" content=\"krmadmin\" \/>\n<meta name=\"twitter:card\" content=\"summary_large_image\" \/>\n<meta name=\"twitter:label1\" content=\"Written by\" \/>\n\t<meta name=\"twitter:data1\" content=\"krmadmin\" \/>\n\t<meta name=\"twitter:label2\" content=\"Est. reading time\" \/>\n\t<meta name=\"twitter:data2\" content=\"2 minutes\" \/>\n<script type=\"application\/ld+json\" class=\"yoast-schema-graph\">{\"@context\":\"https:\/\/schema.org\",\"@graph\":[{\"@type\":\"Article\",\"@id\":\"https:\/\/carmistinfoundation.org\/ampla-campanie-de-donatii-alimente-derulata-in-luna-august\/#article\",\"isPartOf\":{\"@id\":\"https:\/\/carmistinfoundation.org\/ampla-campanie-de-donatii-alimente-derulata-in-luna-august\/\"},\"author\":{\"name\":\"krmadmin\",\"@id\":\"https:\/\/carmistinfoundation.org\/#\/schema\/person\/b671ada89585f8fceee36e5a27e5298c\"},\"headline\":\"Ampl\u0103 campanie de dona\u021bii alimente, derulat\u0103 \u00een luna august\",\"datePublished\":\"2023-08-07T15:38:28+00:00\",\"dateModified\":\"2024-02-14T09:27:26+00:00\",\"mainEntityOfPage\":{\"@id\":\"https:\/\/carmistinfoundation.org\/ampla-campanie-de-donatii-alimente-derulata-in-luna-august\/\"},\"wordCount\":215,\"commentCount\":0,\"publisher\":{\"@id\":\"https:\/\/carmistinfoundation.org\/#organization\"},\"image\":{\"@id\":\"https:\/\/carmistinfoundation.org\/ampla-campanie-de-donatii-alimente-derulata-in-luna-august\/#primaryimage\"},\"thumbnailUrl\":\"https:\/\/carmistinfoundation.org\/wp-content\/uploads\/2024\/01\/campanie-de-donatii-alimente-carmistin-1.jpg\",\"articleSection\":[\"Proiecte \u0219i campanii\"],\"inLanguage\":\"en-US\",\"potentialAction\":[{\"@type\":\"CommentAction\",\"name\":\"Comment\",\"target\":[\"https:\/\/carmistinfoundation.org\/ampla-campanie-de-donatii-alimente-derulata-in-luna-august\/#respond\"]}]},{\"@type\":\"WebPage\",\"@id\":\"https:\/\/carmistinfoundation.org\/ampla-campanie-de-donatii-alimente-derulata-in-luna-august\/\",\"url\":\"https:\/\/carmistinfoundation.org\/ampla-campanie-de-donatii-alimente-derulata-in-luna-august\/\",\"name\":\"Ampl\u0103 campanie de dona\u021bii alimente, derulat\u0103 \u00een luna august - Funda\u021bia Carmistin\",\"isPartOf\":{\"@id\":\"https:\/\/carmistinfoundation.org\/#website\"},\"primaryImageOfPage\":{\"@id\":\"https:\/\/carmistinfoundation.org\/ampla-campanie-de-donatii-alimente-derulata-in-luna-august\/#primaryimage\"},\"image\":{\"@id\":\"https:\/\/carmistinfoundation.org\/ampla-campanie-de-donatii-alimente-derulata-in-luna-august\/#primaryimage\"},\"thumbnailUrl\":\"https:\/\/carmistinfoundation.org\/wp-content\/uploads\/2024\/01\/campanie-de-donatii-alimente-carmistin-1.jpg\",\"datePublished\":\"2023-08-07T15:38:28+00:00\",\"dateModified\":\"2024-02-14T09:27:26+00:00\",\"description\":\"\u00cencep\u00e2nd din acest an, derul\u0103m, \u00een fiecare var\u0103, o ampl\u0103 campanie de dona\u021bii alimente, ca parte a eforturilor noastre de a fi prezen\u021bi...\",\"inLanguage\":\"en-US\",\"potentialAction\":[{\"@type\":\"ReadAction\",\"target\":[\"https:\/\/carmistinfoundation.org\/ampla-campanie-de-donatii-alimente-derulata-in-luna-august\/\"]}]},{\"@type\":\"ImageObject\",\"inLanguage\":\"en-US\",\"@id\":\"https:\/\/carmistinfoundation.org\/ampla-campanie-de-donatii-alimente-derulata-in-luna-august\/#primaryimage\",\"url\":\"https:\/\/carmistinfoundation.org\/wp-content\/uploads\/2024\/01\/campanie-de-donatii-alimente-carmistin-1.jpg\",\"contentUrl\":\"https:\/\/carmistinfoundation.org\/wp-content\/uploads\/2024\/01\/campanie-de-donatii-alimente-carmistin-1.jpg\",\"width\":1213,\"height\":740,\"caption\":\"campanie de dona\u021bii alimente fundatia carmistin\"},{\"@type\":\"WebSite\",\"@id\":\"https:\/\/carmistinfoundation.org\/#website\",\"url\":\"https:\/\/carmistinfoundation.org\/\",\"name\":\"Funda\u021bia Carmistin\",\"description\":\"\",\"publisher\":{\"@id\":\"https:\/\/carmistinfoundation.org\/#organization\"},\"potentialAction\":[{\"@type\":\"SearchAction\",\"target\":{\"@type\":\"EntryPoint\",\"urlTemplate\":\"https:\/\/carmistinfoundation.org\/?s={search_term_string}\"},\"query-input\":{\"@type\":\"PropertyValueSpecification\",\"valueRequired\":true,\"valueName\":\"search_term_string\"}}],\"inLanguage\":\"en-US\"},{\"@type\":\"Organization\",\"@id\":\"https:\/\/carmistinfoundation.org\/#organization\",\"name\":\"Funda\u021bia Carmistin\",\"url\":\"https:\/\/carmistinfoundation.org\/\",\"logo\":{\"@type\":\"ImageObject\",\"inLanguage\":\"en-US\",\"@id\":\"https:\/\/carmistinfoundation.org\/#\/schema\/logo\/image\/\",\"url\":\"https:\/\/carmistinfoundation.org\/wp-content\/uploads\/2020\/08\/logo-fundatia-carmistin_C_ALB.png\",\"contentUrl\":\"https:\/\/carmistinfoundation.org\/wp-content\/uploads\/2020\/08\/logo-fundatia-carmistin_C_ALB.png\",\"width\":2275,\"height\":2275,\"caption\":\"Funda\u021bia Carmistin\"},\"image\":{\"@id\":\"https:\/\/carmistinfoundation.org\/#\/schema\/logo\/image\/\"}},{\"@type\":\"Person\",\"@id\":\"https:\/\/carmistinfoundation.org\/#\/schema\/person\/b671ada89585f8fceee36e5a27e5298c\",\"name\":\"krmadmin\",\"image\":{\"@type\":\"ImageObject\",\"inLanguage\":\"en-US\",\"@id\":\"https:\/\/carmistinfoundation.org\/#\/schema\/person\/image\/\",\"url\":\"https:\/\/secure.gravatar.com\/avatar\/bbf325882b4218c94253349392a49358231982eedb2321f1d33835ff40f65fc1?s=96&d=mm&r=g\",\"contentUrl\":\"https:\/\/secure.gravatar.com\/avatar\/bbf325882b4218c94253349392a49358231982eedb2321f1d33835ff40f65fc1?s=96&d=mm&r=g\",\"caption\":\"krmadmin\"},\"sameAs\":[\"https:\/\/carmistinfoundation.org\"],\"url\":\"https:\/\/carmistinfoundation.org\/en\/author\/krmadmin\/\"}]}<\/script>\n<!-- \/ Yoast SEO plugin. -->","yoast_head_json":{"title":"Ampl\u0103 campanie de dona\u021bii alimente, derulat\u0103 \u00een luna august - Funda\u021bia Carmistin","description":"\u00cencep\u00e2nd din acest an, derul\u0103m, \u00een fiecare var\u0103, o ampl\u0103 campanie de dona\u021bii alimente, ca parte a eforturilor noastre de a fi prezen\u021bi...","robots":{"index":"index","follow":"follow","max-snippet":"max-snippet:-1","max-image-preview":"max-image-preview:large","max-video-preview":"max-video-preview:-1"},"canonical":"https:\/\/carmistinfoundation.org\/en\/ampla-campanie-de-donatii-alimente-derulata-in-luna-august\/","og_locale":"en_US","og_type":"article","og_title":"Ampl\u0103 campanie de dona\u021bii alimente, derulat\u0103 \u00een luna august - Funda\u021bia Carmistin","og_description":"\u00cencep\u00e2nd din acest an, derul\u0103m, \u00een fiecare var\u0103, o ampl\u0103 campanie de dona\u021bii alimente, ca parte a eforturilor noastre de a fi prezen\u021bi...","og_url":"https:\/\/carmistinfoundation.org\/en\/ampla-campanie-de-donatii-alimente-derulata-in-luna-august\/","og_site_name":"Funda\u021bia Carmistin","article_published_time":"2023-08-07T15:38:28+00:00","article_modified_time":"2024-02-14T09:27:26+00:00","og_image":[{"width":1213,"height":740,"url":"https:\/\/carmistinfoundation.org\/wp-content\/uploads\/2024\/01\/campanie-de-donatii-alimente-carmistin-1.jpg","type":"image\/jpeg"}],"author":"krmadmin","twitter_card":"summary_large_image","twitter_misc":{"Written by":"krmadmin","Est. reading time":"2 minutes"},"schema":{"@context":"https:\/\/schema.org","@graph":[{"@type":"Article","@id":"https:\/\/carmistinfoundation.org\/ampla-campanie-de-donatii-alimente-derulata-in-luna-august\/#article","isPartOf":{"@id":"https:\/\/carmistinfoundation.org\/ampla-campanie-de-donatii-alimente-derulata-in-luna-august\/"},"author":{"name":"krmadmin","@id":"https:\/\/carmistinfoundation.org\/#\/schema\/person\/b671ada89585f8fceee36e5a27e5298c"},"headline":"Ampl\u0103 campanie de dona\u021bii alimente, derulat\u0103 \u00een luna august","datePublished":"2023-08-07T15:38:28+00:00","dateModified":"2024-02-14T09:27:26+00:00","mainEntityOfPage":{"@id":"https:\/\/carmistinfoundation.org\/ampla-campanie-de-donatii-alimente-derulata-in-luna-august\/"},"wordCount":215,"commentCount":0,"publisher":{"@id":"https:\/\/carmistinfoundation.org\/#organization"},"image":{"@id":"https:\/\/carmistinfoundation.org\/ampla-campanie-de-donatii-alimente-derulata-in-luna-august\/#primaryimage"},"thumbnailUrl":"https:\/\/carmistinfoundation.org\/wp-content\/uploads\/2024\/01\/campanie-de-donatii-alimente-carmistin-1.jpg","articleSection":["Proiecte \u0219i campanii"],"inLanguage":"en-US","potentialAction":[{"@type":"CommentAction","name":"Comment","target":["https:\/\/carmistinfoundation.org\/ampla-campanie-de-donatii-alimente-derulata-in-luna-august\/#respond"]}]},{"@type":"WebPage","@id":"https:\/\/carmistinfoundation.org\/ampla-campanie-de-donatii-alimente-derulata-in-luna-august\/","url":"https:\/\/carmistinfoundation.org\/ampla-campanie-de-donatii-alimente-derulata-in-luna-august\/","name":"Ampl\u0103 campanie de dona\u021bii alimente, derulat\u0103 \u00een luna august - Funda\u021bia Carmistin","isPartOf":{"@id":"https:\/\/carmistinfoundation.org\/#website"},"primaryImageOfPage":{"@id":"https:\/\/carmistinfoundation.org\/ampla-campanie-de-donatii-alimente-derulata-in-luna-august\/#primaryimage"},"image":{"@id":"https:\/\/carmistinfoundation.org\/ampla-campanie-de-donatii-alimente-derulata-in-luna-august\/#primaryimage"},"thumbnailUrl":"https:\/\/carmistinfoundation.org\/wp-content\/uploads\/2024\/01\/campanie-de-donatii-alimente-carmistin-1.jpg","datePublished":"2023-08-07T15:38:28+00:00","dateModified":"2024-02-14T09:27:26+00:00","description":"\u00cencep\u00e2nd din acest an, derul\u0103m, \u00een fiecare var\u0103, o ampl\u0103 campanie de dona\u021bii alimente, ca parte a eforturilor noastre de a fi prezen\u021bi...","inLanguage":"en-US","potentialAction":[{"@type":"ReadAction","target":["https:\/\/carmistinfoundation.org\/ampla-campanie-de-donatii-alimente-derulata-in-luna-august\/"]}]},{"@type":"ImageObject","inLanguage":"en-US","@id":"https:\/\/carmistinfoundation.org\/ampla-campanie-de-donatii-alimente-derulata-in-luna-august\/#primaryimage","url":"https:\/\/carmistinfoundation.org\/wp-content\/uploads\/2024\/01\/campanie-de-donatii-alimente-carmistin-1.jpg","contentUrl":"https:\/\/carmistinfoundation.org\/wp-content\/uploads\/2024\/01\/campanie-de-donatii-alimente-carmistin-1.jpg","width":1213,"height":740,"caption":"campanie de dona\u021bii alimente fundatia carmistin"},{"@type":"WebSite","@id":"https:\/\/carmistinfoundation.org\/#website","url":"https:\/\/carmistinfoundation.org\/","name":"Carmistin Foundation","description":"","publisher":{"@id":"https:\/\/carmistinfoundation.org\/#organization"},"potentialAction":[{"@type":"SearchAction","target":{"@type":"EntryPoint","urlTemplate":"https:\/\/carmistinfoundation.org\/?s={search_term_string}"},"query-input":{"@type":"PropertyValueSpecification","valueRequired":true,"valueName":"search_term_string"}}],"inLanguage":"en-US"},{"@type":"Organization","@id":"https:\/\/carmistinfoundation.org\/#organization","name":"Carmistin Foundation","url":"https:\/\/carmistinfoundation.org\/","logo":{"@type":"ImageObject","inLanguage":"en-US","@id":"https:\/\/carmistinfoundation.org\/#\/schema\/logo\/image\/","url":"https:\/\/carmistinfoundation.org\/wp-content\/uploads\/2020\/08\/logo-fundatia-carmistin_C_ALB.png","contentUrl":"https:\/\/carmistinfoundation.org\/wp-content\/uploads\/2020\/08\/logo-fundatia-carmistin_C_ALB.png","width":2275,"height":2275,"caption":"Funda\u021bia Carmistin"},"image":{"@id":"https:\/\/carmistinfoundation.org\/#\/schema\/logo\/image\/"}},{"@type":"Person","@id":"https:\/\/carmistinfoundation.org\/#\/schema\/person\/b671ada89585f8fceee36e5a27e5298c","name":"krmadmin","image":{"@type":"ImageObject","inLanguage":"en-US","@id":"https:\/\/carmistinfoundation.org\/#\/schema\/person\/image\/","url":"https:\/\/secure.gravatar.com\/avatar\/bbf325882b4218c94253349392a49358231982eedb2321f1d33835ff40f65fc1?s=96&d=mm&r=g","contentUrl":"https:\/\/secure.gravatar.com\/avatar\/bbf325882b4218c94253349392a49358231982eedb2321f1d33835ff40f65fc1?s=96&d=mm&r=g","caption":"krmadmin"},"sameAs":["https:\/\/carmistinfoundation.org"],"url":"https:\/\/carmistinfoundation.org\/en\/author\/krmadmin\/"}]}},"_links":{"self":[{"href":"https:\/\/carmistinfoundation.org\/en\/wp-json\/wp\/v2\/posts\/17930","targetHints":{"allow":["GET"]}}],"collection":[{"href":"https:\/\/carmistinfoundation.org\/en\/wp-json\/wp\/v2\/posts"}],"about":[{"href":"https:\/\/carmistinfoundation.org\/en\/wp-json\/wp\/v2\/types\/post"}],"author":[{"embeddable":true,"href":"https:\/\/carmistinfoundation.org\/en\/wp-json\/wp\/v2\/users\/1"}],"replies":[{"embeddable":true,"href":"https:\/\/carmistinfoundation.org\/en\/wp-json\/wp\/v2\/comments?post=17930"}],"version-history":[{"count":0,"href":"https:\/\/carmistinfoundation.org\/en\/wp-json\/wp\/v2\/posts\/17930\/revisions"}],"wp:featuredmedia":[{"embeddable":true,"href":"https:\/\/carmistinfoundation.org\/en\/wp-json\/wp\/v2\/media\/17931"}],"wp:attachment":[{"href":"https:\/\/carmistinfoundation.org\/en\/wp-json\/wp\/v2\/media?parent=17930"}],"wp:term":[{"taxonomy":"category","embeddable":true,"href":"https:\/\/carmistinfoundation.org\/en\/wp-json\/wp\/v2\/categories?post=17930"},{"taxonomy":"post_tag","embeddable":true,"href":"https:\/\/carmistinfoundation.org\/en\/wp-json\/wp\/v2\/tags?post=17930"}],"curies":[{"name":"wp","href":"https:\/\/api.w.org\/{rel}","templated":true}]}}