{"id":18332,"date":"2023-03-31T08:46:05","date_gmt":"2023-03-31T05:46:05","guid":{"rendered":"https:\/\/carmistinfoundation.org\/?p=18332"},"modified":"2024-02-14T13:21:41","modified_gmt":"2024-02-14T10:21:41","slug":"carmistin-a-organizat-campania-ziua-meselor-scolare-in-judetele-valcea-si-gorj","status":"publish","type":"post","link":"https:\/\/carmistinfoundation.org\/en\/carmistin-a-organizat-campania-ziua-meselor-scolare-in-judetele-valcea-si-gorj\/","title":{"rendered":"Carmistin organized the School Meals Day campaign in Valcea and Gorj counties"},"content":{"rendered":"<p><strong><mark style=\"background-color:rgba(0, 0, 0, 0);color:#eb0614\" class=\"has-inline-color\"><strong>Press release<\/strong><\/mark><\/strong><\/p>\n\n\n\n<p>Carmistin, one of Romania's leading food producers, organised on Friday, 31 March 2023, the <strong><em>School Meals Day. <\/em><\/strong>The action was dedicated, in a first stage, to children from rural areas, namely pupils from villages <strong>Tomsani <\/strong>and <strong>Fole\u0219tii de Sus<\/strong>, from Valcea county and students from the villages <strong>Bolboasa, B\u0103l\u0103ce\u0219ti, Bolbo\u0219i and Valea<\/strong>from Gorj county.&nbsp;<\/p>\n\n\n\n<p>campaign <strong><em>School Meals Day<\/em><\/strong> consists of the distribution of packages of hot food, prepared from the product portfolio <strong><em>The Province<\/em><\/strong>, a brand of the Carmistin Group. In addition to food, the children also receive a set of school supplies from the company. <strong><em>The School Meals Day campaign is an initiative through which the Carmistine Group aims to become increasingly involved in the life of the local communities in which it operates, thus contributing to the cultivation of the common good in society through caring for others and, above all, caring for children. We will gradually extend this campaign to other localities where we are active, <\/em><\/strong>said Cristina Popa, Deputy General Manager Carmistin<strong><em>.<\/em><\/strong><\/p>\n\n\n\n<p><strong><em>School Meals Day started today in our school and it is a joy for us to have been selected for this campaign, which aims to educate children for healthy eating, as La Provincia is a local producer of healthy products. Our students were very happy to receive a hot meal and school supplies,<\/em><\/strong> Tudor Liviu Bogdan, teacher at Tom\u0219ani Secondary School.<\/p>\n\n\n\n<p>Supporting communities, by carrying out specific social support actions, is a constant concern at the company level, including in the relationship with employees.In Valcea county, for example, where Carmistin has the largest workforce, the Group has been running a support programme for the children of employees for several years, within an educational centre of the type <em>after-school<\/em>. Around 30 children, aged 5 to 11 years old, carry out their after-school activities in specially designed spaces, being assisted by teachers employed by the company. The children are also provided with meals and transport.<\/p>\n\n\n\n<p><strong>About the campaign<em> School Meals Day<\/em><\/strong><\/p>\n\n\n\n<p>Internationally, <em>School Meals Day<\/em> (ISMD), marked annually in March, aims to raise awareness for good nutrition for all children, regardless of their situation and geographical area. Over the past decade, the UK and the US have shared examples of policy and best practice in promoting healthy eating and the importance of the nutritional quality of school meal programmes, with a focus on the link between healthy eating, education and better learning. Raising awareness of hunger and poverty issues is also an important component of the global campaign.&nbsp;<\/p>\n\n\n\n<figure class=\"wp-block-embed is-type-video is-provider-youtube wp-block-embed-youtube wp-embed-aspect-16-9 wp-has-aspect-ratio\"><div class=\"wp-block-embed__wrapper\">\n<iframe title=\"Carmistin organized the School Meals Day campaign in Valcea and Gorj counties\" width=\"1170\" height=\"658\" src=\"https:\/\/www.youtube.com\/embed\/VmtMxEd6xPg?feature=oembed\" frameborder=\"0\" allow=\"accelerometer; autoplay; clipboard-write; encrypted-media; gyroscope; picture-in-picture; web-share\" allowfullscreen><\/iframe>\n<\/div><\/figure>\n\n\n\n<div class=\"wp-block-columns is-layout-flex wp-container-core-columns-is-layout-9d6595d7 wp-block-columns-is-layout-flex\">\n<div class=\"wp-block-column is-layout-flow wp-block-column-is-layout-flow\">\n<figure class=\"wp-block-image size-full\"><a href=\"https:\/\/www.dcnews.ro\/ziua-meselor-scolare-in-judetele-valcea-si-gorj_910874.html\" target=\"_blank\" rel=\"noreferrer noopener\"><img fetchpriority=\"high\" decoding=\"async\" width=\"800\" height=\"800\" src=\"https:\/\/carmistinfoundation.org\/wp-content\/uploads\/2024\/02\/media-room-ziua-meselor-scolare-dc-news-fundatia-carmistin.jpg\" alt=\"\" class=\"wp-image-18334\" srcset=\"https:\/\/carmistinfoundation.org\/wp-content\/uploads\/2024\/02\/media-room-ziua-meselor-scolare-dc-news-fundatia-carmistin.jpg 800w, https:\/\/carmistinfoundation.org\/wp-content\/uploads\/2024\/02\/media-room-ziua-meselor-scolare-dc-news-fundatia-carmistin-300x300.jpg 300w, https:\/\/carmistinfoundation.org\/wp-content\/uploads\/2024\/02\/media-room-ziua-meselor-scolare-dc-news-fundatia-carmistin-150x150.jpg 150w, https:\/\/carmistinfoundation.org\/wp-content\/uploads\/2024\/02\/media-room-ziua-meselor-scolare-dc-news-fundatia-carmistin-768x768.jpg 768w, https:\/\/carmistinfoundation.org\/wp-content\/uploads\/2024\/02\/media-room-ziua-meselor-scolare-dc-news-fundatia-carmistin-600x600.jpg 600w\" sizes=\"(max-width: 800px) 100vw, 800px\" \/><\/a><\/figure>\n<\/div>\n\n\n\n<div class=\"wp-block-column is-layout-flow wp-block-column-is-layout-flow\">\n<figure class=\"wp-block-image size-full\"><a href=\"https:\/\/www.bursa.ro\/carmistin-a-organizat-campania-ziua-meselor-scolare-in-judetele-valcea-si-gorj-22024941\" target=\"_blank\" rel=\"noreferrer noopener\"><img decoding=\"async\" width=\"800\" height=\"800\" src=\"https:\/\/carmistinfoundation.org\/wp-content\/uploads\/2024\/02\/media-room-ziua-meselor-scolare-bursa-fundatia-carmistin.jpg\" alt=\"\" class=\"wp-image-18335\" srcset=\"https:\/\/carmistinfoundation.org\/wp-content\/uploads\/2024\/02\/media-room-ziua-meselor-scolare-bursa-fundatia-carmistin.jpg 800w, https:\/\/carmistinfoundation.org\/wp-content\/uploads\/2024\/02\/media-room-ziua-meselor-scolare-bursa-fundatia-carmistin-300x300.jpg 300w, https:\/\/carmistinfoundation.org\/wp-content\/uploads\/2024\/02\/media-room-ziua-meselor-scolare-bursa-fundatia-carmistin-150x150.jpg 150w, https:\/\/carmistinfoundation.org\/wp-content\/uploads\/2024\/02\/media-room-ziua-meselor-scolare-bursa-fundatia-carmistin-768x768.jpg 768w, https:\/\/carmistinfoundation.org\/wp-content\/uploads\/2024\/02\/media-room-ziua-meselor-scolare-bursa-fundatia-carmistin-600x600.jpg 600w\" sizes=\"(max-width: 800px) 100vw, 800px\" \/><\/a><\/figure>\n<\/div>\n<\/div>\n\n\n\n<p><\/p>","protected":false},"excerpt":{"rendered":"<p>Comunicat de pres\u0103 Carmistin, unul dintre principalii produc\u0103tori rom\u00e2ni de alimente, a organizat vineri, 31 martie 2023, campania Ziua Meselor \u0218colare. Ac\u021biunea a fost dedicat\u0103, \u00eentr-o prim\u0103 etap\u0103, copiilor din mediul rural, respectiv elevilor din satele Tom\u0219ani \u0219i Fole\u0219tii de Sus, din jude\u021bul V\u00e2lcea \u0219i elevilor din satele Bolboasa, B\u0103l\u0103ce\u0219ti, Bolbo\u0219i \u0219i Valea, din jude\u021bul [&hellip;]<\/p>","protected":false},"author":1,"featured_media":18333,"comment_status":"open","ping_status":"closed","sticky":false,"template":"","format":"standard","meta":{"_acf_changed":false,"_monsterinsights_skip_tracking":false,"_monsterinsights_sitenote_active":false,"_monsterinsights_sitenote_note":"","_monsterinsights_sitenote_category":0,"footnotes":""},"categories":[313],"tags":[],"class_list":["post-18332","post","type-post","status-publish","format-standard","has-post-thumbnail","hentry","category-media-room","entry"],"acf":[],"yoast_head":"<!-- This site is optimized with the Yoast SEO plugin v26.0 - https:\/\/yoast.com\/wordpress\/plugins\/seo\/ -->\n<title>Carmistin a organizat campania Ziua Meselor \u0218colare, \u00een jude\u021bele V\u00e2lcea \u0219i Gorj - Funda\u021bia Carmistin<\/title>\n<meta name=\"description\" content=\"Carmistin, unul dintre principalii produc\u0103tori rom\u00e2ni de alimente, a organizat vineri, 31 martie 2023, campania Ziua Meselor \u0218colare...\" \/>\n<meta name=\"robots\" content=\"index, follow, max-snippet:-1, max-image-preview:large, max-video-preview:-1\" \/>\n<link rel=\"canonical\" href=\"https:\/\/carmistinfoundation.org\/en\/carmistin-a-organizat-campania-ziua-meselor-scolare-in-judetele-valcea-si-gorj\/\" \/>\n<meta property=\"og:locale\" content=\"en_US\" \/>\n<meta property=\"og:type\" content=\"article\" \/>\n<meta property=\"og:title\" content=\"Carmistin a organizat campania Ziua Meselor \u0218colare, \u00een jude\u021bele V\u00e2lcea \u0219i Gorj - Funda\u021bia Carmistin\" \/>\n<meta property=\"og:description\" content=\"Carmistin, unul dintre principalii produc\u0103tori rom\u00e2ni de alimente, a organizat vineri, 31 martie 2023, campania Ziua Meselor \u0218colare...\" \/>\n<meta property=\"og:url\" content=\"https:\/\/carmistinfoundation.org\/en\/carmistin-a-organizat-campania-ziua-meselor-scolare-in-judetele-valcea-si-gorj\/\" \/>\n<meta property=\"og:site_name\" content=\"Funda\u021bia Carmistin\" \/>\n<meta property=\"article:published_time\" content=\"2023-03-31T05:46:05+00:00\" \/>\n<meta property=\"article:modified_time\" content=\"2024-02-14T10:21:41+00:00\" \/>\n<meta property=\"og:image\" content=\"https:\/\/carmistinfoundation.org\/wp-content\/uploads\/2024\/02\/zua-meselor_fundatia-carmistin.jpg\" \/>\n\t<meta property=\"og:image:width\" content=\"670\" \/>\n\t<meta property=\"og:image:height\" content=\"515\" \/>\n\t<meta property=\"og:image:type\" content=\"image\/jpeg\" \/>\n<meta name=\"author\" content=\"krmadmin\" \/>\n<meta name=\"twitter:card\" content=\"summary_large_image\" \/>\n<meta name=\"twitter:label1\" content=\"Written by\" \/>\n\t<meta name=\"twitter:data1\" content=\"krmadmin\" \/>\n\t<meta name=\"twitter:label2\" content=\"Est. reading time\" \/>\n\t<meta name=\"twitter:data2\" content=\"3 minutes\" \/>\n<script type=\"application\/ld+json\" class=\"yoast-schema-graph\">{\"@context\":\"https:\/\/schema.org\",\"@graph\":[{\"@type\":\"Article\",\"@id\":\"https:\/\/carmistinfoundation.org\/carmistin-a-organizat-campania-ziua-meselor-scolare-in-judetele-valcea-si-gorj\/#article\",\"isPartOf\":{\"@id\":\"https:\/\/carmistinfoundation.org\/carmistin-a-organizat-campania-ziua-meselor-scolare-in-judetele-valcea-si-gorj\/\"},\"author\":{\"name\":\"krmadmin\",\"@id\":\"https:\/\/carmistinfoundation.org\/#\/schema\/person\/b671ada89585f8fceee36e5a27e5298c\"},\"headline\":\"Carmistin a organizat campania Ziua Meselor \u0218colare, \u00een jude\u021bele V\u00e2lcea \u0219i Gorj\",\"datePublished\":\"2023-03-31T05:46:05+00:00\",\"dateModified\":\"2024-02-14T10:21:41+00:00\",\"mainEntityOfPage\":{\"@id\":\"https:\/\/carmistinfoundation.org\/carmistin-a-organizat-campania-ziua-meselor-scolare-in-judetele-valcea-si-gorj\/\"},\"wordCount\":525,\"commentCount\":0,\"publisher\":{\"@id\":\"https:\/\/carmistinfoundation.org\/#organization\"},\"image\":{\"@id\":\"https:\/\/carmistinfoundation.org\/carmistin-a-organizat-campania-ziua-meselor-scolare-in-judetele-valcea-si-gorj\/#primaryimage\"},\"thumbnailUrl\":\"https:\/\/carmistinfoundation.org\/wp-content\/uploads\/2024\/02\/zua-meselor_fundatia-carmistin.jpg\",\"articleSection\":[\"Media room\"],\"inLanguage\":\"en-US\",\"potentialAction\":[{\"@type\":\"CommentAction\",\"name\":\"Comment\",\"target\":[\"https:\/\/carmistinfoundation.org\/carmistin-a-organizat-campania-ziua-meselor-scolare-in-judetele-valcea-si-gorj\/#respond\"]}]},{\"@type\":\"WebPage\",\"@id\":\"https:\/\/carmistinfoundation.org\/carmistin-a-organizat-campania-ziua-meselor-scolare-in-judetele-valcea-si-gorj\/\",\"url\":\"https:\/\/carmistinfoundation.org\/carmistin-a-organizat-campania-ziua-meselor-scolare-in-judetele-valcea-si-gorj\/\",\"name\":\"Carmistin a organizat campania Ziua Meselor \u0218colare, \u00een jude\u021bele V\u00e2lcea \u0219i Gorj - Funda\u021bia Carmistin\",\"isPartOf\":{\"@id\":\"https:\/\/carmistinfoundation.org\/#website\"},\"primaryImageOfPage\":{\"@id\":\"https:\/\/carmistinfoundation.org\/carmistin-a-organizat-campania-ziua-meselor-scolare-in-judetele-valcea-si-gorj\/#primaryimage\"},\"image\":{\"@id\":\"https:\/\/carmistinfoundation.org\/carmistin-a-organizat-campania-ziua-meselor-scolare-in-judetele-valcea-si-gorj\/#primaryimage\"},\"thumbnailUrl\":\"https:\/\/carmistinfoundation.org\/wp-content\/uploads\/2024\/02\/zua-meselor_fundatia-carmistin.jpg\",\"datePublished\":\"2023-03-31T05:46:05+00:00\",\"dateModified\":\"2024-02-14T10:21:41+00:00\",\"description\":\"Carmistin, unul dintre principalii produc\u0103tori rom\u00e2ni de alimente, a organizat vineri, 31 martie 2023, campania Ziua Meselor \u0218colare...\",\"inLanguage\":\"en-US\",\"potentialAction\":[{\"@type\":\"ReadAction\",\"target\":[\"https:\/\/carmistinfoundation.org\/carmistin-a-organizat-campania-ziua-meselor-scolare-in-judetele-valcea-si-gorj\/\"]}]},{\"@type\":\"ImageObject\",\"inLanguage\":\"en-US\",\"@id\":\"https:\/\/carmistinfoundation.org\/carmistin-a-organizat-campania-ziua-meselor-scolare-in-judetele-valcea-si-gorj\/#primaryimage\",\"url\":\"https:\/\/carmistinfoundation.org\/wp-content\/uploads\/2024\/02\/zua-meselor_fundatia-carmistin.jpg\",\"contentUrl\":\"https:\/\/carmistinfoundation.org\/wp-content\/uploads\/2024\/02\/zua-meselor_fundatia-carmistin.jpg\",\"width\":670,\"height\":515,\"caption\":\"zua meselor fundatia carmistin\"},{\"@type\":\"WebSite\",\"@id\":\"https:\/\/carmistinfoundation.org\/#website\",\"url\":\"https:\/\/carmistinfoundation.org\/\",\"name\":\"Funda\u021bia Carmistin\",\"description\":\"\",\"publisher\":{\"@id\":\"https:\/\/carmistinfoundation.org\/#organization\"},\"potentialAction\":[{\"@type\":\"SearchAction\",\"target\":{\"@type\":\"EntryPoint\",\"urlTemplate\":\"https:\/\/carmistinfoundation.org\/?s={search_term_string}\"},\"query-input\":{\"@type\":\"PropertyValueSpecification\",\"valueRequired\":true,\"valueName\":\"search_term_string\"}}],\"inLanguage\":\"en-US\"},{\"@type\":\"Organization\",\"@id\":\"https:\/\/carmistinfoundation.org\/#organization\",\"name\":\"Funda\u021bia Carmistin\",\"url\":\"https:\/\/carmistinfoundation.org\/\",\"logo\":{\"@type\":\"ImageObject\",\"inLanguage\":\"en-US\",\"@id\":\"https:\/\/carmistinfoundation.org\/#\/schema\/logo\/image\/\",\"url\":\"https:\/\/carmistinfoundation.org\/wp-content\/uploads\/2020\/08\/logo-fundatia-carmistin_C_ALB.png\",\"contentUrl\":\"https:\/\/carmistinfoundation.org\/wp-content\/uploads\/2020\/08\/logo-fundatia-carmistin_C_ALB.png\",\"width\":2275,\"height\":2275,\"caption\":\"Funda\u021bia Carmistin\"},\"image\":{\"@id\":\"https:\/\/carmistinfoundation.org\/#\/schema\/logo\/image\/\"}},{\"@type\":\"Person\",\"@id\":\"https:\/\/carmistinfoundation.org\/#\/schema\/person\/b671ada89585f8fceee36e5a27e5298c\",\"name\":\"krmadmin\",\"image\":{\"@type\":\"ImageObject\",\"inLanguage\":\"en-US\",\"@id\":\"https:\/\/carmistinfoundation.org\/#\/schema\/person\/image\/\",\"url\":\"https:\/\/secure.gravatar.com\/avatar\/bbf325882b4218c94253349392a49358231982eedb2321f1d33835ff40f65fc1?s=96&d=mm&r=g\",\"contentUrl\":\"https:\/\/secure.gravatar.com\/avatar\/bbf325882b4218c94253349392a49358231982eedb2321f1d33835ff40f65fc1?s=96&d=mm&r=g\",\"caption\":\"krmadmin\"},\"sameAs\":[\"https:\/\/carmistinfoundation.org\"],\"url\":\"https:\/\/carmistinfoundation.org\/en\/author\/krmadmin\/\"}]}<\/script>\n<!-- \/ Yoast SEO plugin. -->","yoast_head_json":{"title":"Carmistin a organizat campania Ziua Meselor \u0218colare, \u00een jude\u021bele V\u00e2lcea \u0219i Gorj - Funda\u021bia Carmistin","description":"Carmistin, unul dintre principalii produc\u0103tori rom\u00e2ni de alimente, a organizat vineri, 31 martie 2023, campania Ziua Meselor \u0218colare...","robots":{"index":"index","follow":"follow","max-snippet":"max-snippet:-1","max-image-preview":"max-image-preview:large","max-video-preview":"max-video-preview:-1"},"canonical":"https:\/\/carmistinfoundation.org\/en\/carmistin-a-organizat-campania-ziua-meselor-scolare-in-judetele-valcea-si-gorj\/","og_locale":"en_US","og_type":"article","og_title":"Carmistin a organizat campania Ziua Meselor \u0218colare, \u00een jude\u021bele V\u00e2lcea \u0219i Gorj - Funda\u021bia Carmistin","og_description":"Carmistin, unul dintre principalii produc\u0103tori rom\u00e2ni de alimente, a organizat vineri, 31 martie 2023, campania Ziua Meselor \u0218colare...","og_url":"https:\/\/carmistinfoundation.org\/en\/carmistin-a-organizat-campania-ziua-meselor-scolare-in-judetele-valcea-si-gorj\/","og_site_name":"Funda\u021bia Carmistin","article_published_time":"2023-03-31T05:46:05+00:00","article_modified_time":"2024-02-14T10:21:41+00:00","og_image":[{"width":670,"height":515,"url":"https:\/\/carmistinfoundation.org\/wp-content\/uploads\/2024\/02\/zua-meselor_fundatia-carmistin.jpg","type":"image\/jpeg"}],"author":"krmadmin","twitter_card":"summary_large_image","twitter_misc":{"Written by":"krmadmin","Est. reading time":"3 minutes"},"schema":{"@context":"https:\/\/schema.org","@graph":[{"@type":"Article","@id":"https:\/\/carmistinfoundation.org\/carmistin-a-organizat-campania-ziua-meselor-scolare-in-judetele-valcea-si-gorj\/#article","isPartOf":{"@id":"https:\/\/carmistinfoundation.org\/carmistin-a-organizat-campania-ziua-meselor-scolare-in-judetele-valcea-si-gorj\/"},"author":{"name":"krmadmin","@id":"https:\/\/carmistinfoundation.org\/#\/schema\/person\/b671ada89585f8fceee36e5a27e5298c"},"headline":"Carmistin a organizat campania Ziua Meselor \u0218colare, \u00een jude\u021bele V\u00e2lcea \u0219i Gorj","datePublished":"2023-03-31T05:46:05+00:00","dateModified":"2024-02-14T10:21:41+00:00","mainEntityOfPage":{"@id":"https:\/\/carmistinfoundation.org\/carmistin-a-organizat-campania-ziua-meselor-scolare-in-judetele-valcea-si-gorj\/"},"wordCount":525,"commentCount":0,"publisher":{"@id":"https:\/\/carmistinfoundation.org\/#organization"},"image":{"@id":"https:\/\/carmistinfoundation.org\/carmistin-a-organizat-campania-ziua-meselor-scolare-in-judetele-valcea-si-gorj\/#primaryimage"},"thumbnailUrl":"https:\/\/carmistinfoundation.org\/wp-content\/uploads\/2024\/02\/zua-meselor_fundatia-carmistin.jpg","articleSection":["Media room"],"inLanguage":"en-US","potentialAction":[{"@type":"CommentAction","name":"Comment","target":["https:\/\/carmistinfoundation.org\/carmistin-a-organizat-campania-ziua-meselor-scolare-in-judetele-valcea-si-gorj\/#respond"]}]},{"@type":"WebPage","@id":"https:\/\/carmistinfoundation.org\/carmistin-a-organizat-campania-ziua-meselor-scolare-in-judetele-valcea-si-gorj\/","url":"https:\/\/carmistinfoundation.org\/carmistin-a-organizat-campania-ziua-meselor-scolare-in-judetele-valcea-si-gorj\/","name":"Carmistin a organizat campania Ziua Meselor \u0218colare, \u00een jude\u021bele V\u00e2lcea \u0219i Gorj - Funda\u021bia Carmistin","isPartOf":{"@id":"https:\/\/carmistinfoundation.org\/#website"},"primaryImageOfPage":{"@id":"https:\/\/carmistinfoundation.org\/carmistin-a-organizat-campania-ziua-meselor-scolare-in-judetele-valcea-si-gorj\/#primaryimage"},"image":{"@id":"https:\/\/carmistinfoundation.org\/carmistin-a-organizat-campania-ziua-meselor-scolare-in-judetele-valcea-si-gorj\/#primaryimage"},"thumbnailUrl":"https:\/\/carmistinfoundation.org\/wp-content\/uploads\/2024\/02\/zua-meselor_fundatia-carmistin.jpg","datePublished":"2023-03-31T05:46:05+00:00","dateModified":"2024-02-14T10:21:41+00:00","description":"Carmistin, unul dintre principalii produc\u0103tori rom\u00e2ni de alimente, a organizat vineri, 31 martie 2023, campania Ziua Meselor \u0218colare...","inLanguage":"en-US","potentialAction":[{"@type":"ReadAction","target":["https:\/\/carmistinfoundation.org\/carmistin-a-organizat-campania-ziua-meselor-scolare-in-judetele-valcea-si-gorj\/"]}]},{"@type":"ImageObject","inLanguage":"en-US","@id":"https:\/\/carmistinfoundation.org\/carmistin-a-organizat-campania-ziua-meselor-scolare-in-judetele-valcea-si-gorj\/#primaryimage","url":"https:\/\/carmistinfoundation.org\/wp-content\/uploads\/2024\/02\/zua-meselor_fundatia-carmistin.jpg","contentUrl":"https:\/\/carmistinfoundation.org\/wp-content\/uploads\/2024\/02\/zua-meselor_fundatia-carmistin.jpg","width":670,"height":515,"caption":"zua meselor fundatia carmistin"},{"@type":"WebSite","@id":"https:\/\/carmistinfoundation.org\/#website","url":"https:\/\/carmistinfoundation.org\/","name":"Carmistin Foundation","description":"","publisher":{"@id":"https:\/\/carmistinfoundation.org\/#organization"},"potentialAction":[{"@type":"SearchAction","target":{"@type":"EntryPoint","urlTemplate":"https:\/\/carmistinfoundation.org\/?s={search_term_string}"},"query-input":{"@type":"PropertyValueSpecification","valueRequired":true,"valueName":"search_term_string"}}],"inLanguage":"en-US"},{"@type":"Organization","@id":"https:\/\/carmistinfoundation.org\/#organization","name":"Carmistin Foundation","url":"https:\/\/carmistinfoundation.org\/","logo":{"@type":"ImageObject","inLanguage":"en-US","@id":"https:\/\/carmistinfoundation.org\/#\/schema\/logo\/image\/","url":"https:\/\/carmistinfoundation.org\/wp-content\/uploads\/2020\/08\/logo-fundatia-carmistin_C_ALB.png","contentUrl":"https:\/\/carmistinfoundation.org\/wp-content\/uploads\/2020\/08\/logo-fundatia-carmistin_C_ALB.png","width":2275,"height":2275,"caption":"Funda\u021bia Carmistin"},"image":{"@id":"https:\/\/carmistinfoundation.org\/#\/schema\/logo\/image\/"}},{"@type":"Person","@id":"https:\/\/carmistinfoundation.org\/#\/schema\/person\/b671ada89585f8fceee36e5a27e5298c","name":"krmadmin","image":{"@type":"ImageObject","inLanguage":"en-US","@id":"https:\/\/carmistinfoundation.org\/#\/schema\/person\/image\/","url":"https:\/\/secure.gravatar.com\/avatar\/bbf325882b4218c94253349392a49358231982eedb2321f1d33835ff40f65fc1?s=96&d=mm&r=g","contentUrl":"https:\/\/secure.gravatar.com\/avatar\/bbf325882b4218c94253349392a49358231982eedb2321f1d33835ff40f65fc1?s=96&d=mm&r=g","caption":"krmadmin"},"sameAs":["https:\/\/carmistinfoundation.org"],"url":"https:\/\/carmistinfoundation.org\/en\/author\/krmadmin\/"}]}},"_links":{"self":[{"href":"https:\/\/carmistinfoundation.org\/en\/wp-json\/wp\/v2\/posts\/18332","targetHints":{"allow":["GET"]}}],"collection":[{"href":"https:\/\/carmistinfoundation.org\/en\/wp-json\/wp\/v2\/posts"}],"about":[{"href":"https:\/\/carmistinfoundation.org\/en\/wp-json\/wp\/v2\/types\/post"}],"author":[{"embeddable":true,"href":"https:\/\/carmistinfoundation.org\/en\/wp-json\/wp\/v2\/users\/1"}],"replies":[{"embeddable":true,"href":"https:\/\/carmistinfoundation.org\/en\/wp-json\/wp\/v2\/comments?post=18332"}],"version-history":[{"count":0,"href":"https:\/\/carmistinfoundation.org\/en\/wp-json\/wp\/v2\/posts\/18332\/revisions"}],"wp:featuredmedia":[{"embeddable":true,"href":"https:\/\/carmistinfoundation.org\/en\/wp-json\/wp\/v2\/media\/18333"}],"wp:attachment":[{"href":"https:\/\/carmistinfoundation.org\/en\/wp-json\/wp\/v2\/media?parent=18332"}],"wp:term":[{"taxonomy":"category","embeddable":true,"href":"https:\/\/carmistinfoundation.org\/en\/wp-json\/wp\/v2\/categories?post=18332"},{"taxonomy":"post_tag","embeddable":true,"href":"https:\/\/carmistinfoundation.org\/en\/wp-json\/wp\/v2\/tags?post=18332"}],"curies":[{"name":"wp","href":"https:\/\/api.w.org\/{rel}","templated":true}]}}