{"id":18487,"date":"2023-06-14T08:47:00","date_gmt":"2023-06-14T05:47:00","guid":{"rendered":"https:\/\/carmistinfoundation.org\/?p=18487"},"modified":"2024-02-14T12:32:17","modified_gmt":"2024-02-14T09:32:17","slug":"citeste-am-inaugurat-o-prima-biblioteca-mobila-la-babeni","status":"publish","type":"post","link":"https:\/\/carmistinfoundation.org\/en\/citeste-am-inaugurat-o-prima-biblioteca-mobila-la-babeni\/","title":{"rendered":"We inaugurated a first mobile library in B\u0103beni"},"content":{"rendered":"<p>As part of an extensive reading campaign, initiated by a group of friends, our team inaugurated the first multi-purpose mobile library, dedicated to the community of B\u0103beni, V\u00e2lcea! In addition to shelves of books donated by our team and partners, we host creative workshops dedicated to reading, painting, music and film. We also provide the community with musical instruments, including piano, drums, guitar and nai.<\/p>\n\n\n\n<figure class=\"wp-block-gallery has-nested-images columns-default is-cropped wp-block-gallery-1 is-layout-flex wp-block-gallery-is-layout-flex\">\n<figure class=\"wp-block-image size-full\"><a href=\"https:\/\/carmistinfoundation.org\/wp-content\/uploads\/2024\/02\/biblioteca-noua-babeni-carmistinfoundation-2.jpg\" target=\"_blank\" rel=\"noopener\"><img fetchpriority=\"high\" decoding=\"async\" width=\"1447\" height=\"1407\" data-id=\"18490\" src=\"https:\/\/carmistinfoundation.org\/wp-content\/uploads\/2024\/02\/biblioteca-noua-babeni-carmistinfoundation-2.jpg\" alt=\"\" class=\"wp-image-18490\" srcset=\"https:\/\/carmistinfoundation.org\/wp-content\/uploads\/2024\/02\/biblioteca-noua-babeni-carmistinfoundation-2.jpg 1447w, https:\/\/carmistinfoundation.org\/wp-content\/uploads\/2024\/02\/biblioteca-noua-babeni-carmistinfoundation-2-300x292.jpg 300w, https:\/\/carmistinfoundation.org\/wp-content\/uploads\/2024\/02\/biblioteca-noua-babeni-carmistinfoundation-2-1024x996.jpg 1024w, https:\/\/carmistinfoundation.org\/wp-content\/uploads\/2024\/02\/biblioteca-noua-babeni-carmistinfoundation-2-768x747.jpg 768w, https:\/\/carmistinfoundation.org\/wp-content\/uploads\/2024\/02\/biblioteca-noua-babeni-carmistinfoundation-2-600x583.jpg 600w\" sizes=\"(max-width: 1447px) 100vw, 1447px\" \/><\/a><\/figure>\n\n\n\n<figure class=\"wp-block-image size-full\"><a href=\"https:\/\/carmistinfoundation.org\/wp-content\/uploads\/2024\/02\/biblioteca-noua-babeni-carmistinfoundation-3.jpg\" target=\"_blank\" rel=\"noopener\"><img decoding=\"async\" width=\"1447\" height=\"1407\" data-id=\"18488\" src=\"https:\/\/carmistinfoundation.org\/wp-content\/uploads\/2024\/02\/biblioteca-noua-babeni-carmistinfoundation-3.jpg\" alt=\"\" class=\"wp-image-18488\" srcset=\"https:\/\/carmistinfoundation.org\/wp-content\/uploads\/2024\/02\/biblioteca-noua-babeni-carmistinfoundation-3.jpg 1447w, https:\/\/carmistinfoundation.org\/wp-content\/uploads\/2024\/02\/biblioteca-noua-babeni-carmistinfoundation-3-300x292.jpg 300w, https:\/\/carmistinfoundation.org\/wp-content\/uploads\/2024\/02\/biblioteca-noua-babeni-carmistinfoundation-3-1024x996.jpg 1024w, https:\/\/carmistinfoundation.org\/wp-content\/uploads\/2024\/02\/biblioteca-noua-babeni-carmistinfoundation-3-768x747.jpg 768w, https:\/\/carmistinfoundation.org\/wp-content\/uploads\/2024\/02\/biblioteca-noua-babeni-carmistinfoundation-3-600x583.jpg 600w\" sizes=\"(max-width: 1447px) 100vw, 1447px\" \/><\/a><\/figure>\n\n\n\n<figure class=\"wp-block-image size-full\"><a href=\"https:\/\/carmistinfoundation.org\/wp-content\/uploads\/2024\/02\/biblioteca-noua-babeni-carmistinfoundation-4.jpg\" target=\"_blank\" rel=\"noopener\"><img decoding=\"async\" width=\"1447\" height=\"1407\" data-id=\"18491\" src=\"https:\/\/carmistinfoundation.org\/wp-content\/uploads\/2024\/02\/biblioteca-noua-babeni-carmistinfoundation-4.jpg\" alt=\"\" class=\"wp-image-18491\" srcset=\"https:\/\/carmistinfoundation.org\/wp-content\/uploads\/2024\/02\/biblioteca-noua-babeni-carmistinfoundation-4.jpg 1447w, https:\/\/carmistinfoundation.org\/wp-content\/uploads\/2024\/02\/biblioteca-noua-babeni-carmistinfoundation-4-300x292.jpg 300w, https:\/\/carmistinfoundation.org\/wp-content\/uploads\/2024\/02\/biblioteca-noua-babeni-carmistinfoundation-4-1024x996.jpg 1024w, https:\/\/carmistinfoundation.org\/wp-content\/uploads\/2024\/02\/biblioteca-noua-babeni-carmistinfoundation-4-768x747.jpg 768w, https:\/\/carmistinfoundation.org\/wp-content\/uploads\/2024\/02\/biblioteca-noua-babeni-carmistinfoundation-4-600x583.jpg 600w\" sizes=\"(max-width: 1447px) 100vw, 1447px\" \/><\/a><\/figure>\n<\/figure>\n\n\n\n<p>This project\u2019s aim is to offer, to children in particular, a nice, quiet and cosy cultural space, where they can develop and interact through arts and creativity.<\/p>\n\n\n\n<p>We thank our partners who contributed to this project: banking institutions, the local Town Hall, the local kindergarten and the <em>\u2019\u2019George \u021a\u0103rnea\u2019\u2019 High School<\/em>, from B\u0103beni.<\/p>","protected":false},"excerpt":{"rendered":"<p>\u00cen cadrul unei ample campanii de lectur\u0103, ini\u021biat\u0103 de un grup de prieteni, echipa noastr\u0103 a inaugurat, \u00een aceast\u0103 var\u0103, o prim\u0103 bibliotec\u0103 mobil\u0103 multifunc\u021bional\u0103, dedicat\u0103 comunit\u0103\u021bii din localitatea B\u0103beni, V\u00e2lcea! Spa\u021biul g\u0103zduie\u0219te, pe l\u00e2ng\u0103 rafturile cu c\u0103r\u021bi donate de echipa noastr\u0103 \u0219i de parteneri, ateliere de lectur\u0103, pictur\u0103, muzic\u0103 \u0219i film, cu acces la [&hellip;]<\/p>","protected":false},"author":1,"featured_media":18494,"comment_status":"open","ping_status":"closed","sticky":false,"template":"","format":"standard","meta":{"_acf_changed":false,"_monsterinsights_skip_tracking":false,"_monsterinsights_sitenote_active":false,"_monsterinsights_sitenote_note":"","_monsterinsights_sitenote_category":0,"footnotes":""},"categories":[309],"tags":[],"class_list":["post-18487","post","type-post","status-publish","format-standard","has-post-thumbnail","hentry","category-educatie","entry"],"acf":[],"yoast_head":"<!-- This site is optimized with the Yoast SEO plugin v26.0 - https:\/\/yoast.com\/wordpress\/plugins\/seo\/ -->\n<title>Cite\u0219te! Am inaugurat o prim\u0103 bibliotec\u0103 mobil\u0103, la B\u0103beni - Funda\u021bia Carmistin<\/title>\n<meta name=\"description\" content=\"\u00cen cadrul unei ample campanii de lectur\u0103, ini\u021biat\u0103 de un grup de prieteni, echipa noastr\u0103 a inaugurat o bibliotec\u0103 mobil\u0103 multifunc\u021bional\u0103...\" \/>\n<meta name=\"robots\" content=\"index, follow, max-snippet:-1, max-image-preview:large, max-video-preview:-1\" \/>\n<link rel=\"canonical\" href=\"https:\/\/carmistinfoundation.org\/en\/citeste-am-inaugurat-o-prima-biblioteca-mobila-la-babeni\/\" \/>\n<meta property=\"og:locale\" content=\"en_US\" \/>\n<meta property=\"og:type\" content=\"article\" \/>\n<meta property=\"og:title\" content=\"Cite\u0219te! Am inaugurat o prim\u0103 bibliotec\u0103 mobil\u0103, la B\u0103beni - Funda\u021bia Carmistin\" \/>\n<meta property=\"og:description\" content=\"\u00cen cadrul unei ample campanii de lectur\u0103, ini\u021biat\u0103 de un grup de prieteni, echipa noastr\u0103 a inaugurat o bibliotec\u0103 mobil\u0103 multifunc\u021bional\u0103...\" \/>\n<meta property=\"og:url\" content=\"https:\/\/carmistinfoundation.org\/en\/citeste-am-inaugurat-o-prima-biblioteca-mobila-la-babeni\/\" \/>\n<meta property=\"og:site_name\" content=\"Funda\u021bia Carmistin\" \/>\n<meta property=\"article:published_time\" content=\"2023-06-14T05:47:00+00:00\" \/>\n<meta property=\"article:modified_time\" content=\"2024-02-14T09:32:17+00:00\" \/>\n<meta property=\"og:image\" content=\"https:\/\/carmistinfoundation.org\/wp-content\/uploads\/2023\/06\/cover-biblioteca-noua-babeni-carmistin-foundation-bun.jpg\" \/>\n\t<meta property=\"og:image:width\" content=\"1270\" \/>\n\t<meta property=\"og:image:height\" content=\"720\" \/>\n\t<meta property=\"og:image:type\" content=\"image\/jpeg\" \/>\n<meta name=\"author\" content=\"krmadmin\" \/>\n<meta name=\"twitter:card\" content=\"summary_large_image\" \/>\n<meta name=\"twitter:label1\" content=\"Written by\" \/>\n\t<meta name=\"twitter:data1\" content=\"krmadmin\" \/>\n\t<meta name=\"twitter:label2\" content=\"Est. reading time\" \/>\n\t<meta name=\"twitter:data2\" content=\"2 minutes\" \/>\n<script type=\"application\/ld+json\" class=\"yoast-schema-graph\">{\"@context\":\"https:\/\/schema.org\",\"@graph\":[{\"@type\":\"Article\",\"@id\":\"https:\/\/carmistinfoundation.org\/citeste-am-inaugurat-o-prima-biblioteca-mobila-la-babeni\/#article\",\"isPartOf\":{\"@id\":\"https:\/\/carmistinfoundation.org\/citeste-am-inaugurat-o-prima-biblioteca-mobila-la-babeni\/\"},\"author\":{\"name\":\"krmadmin\",\"@id\":\"https:\/\/carmistinfoundation.org\/#\/schema\/person\/b671ada89585f8fceee36e5a27e5298c\"},\"headline\":\"Cite\u0219te! Am inaugurat o prim\u0103 bibliotec\u0103 mobil\u0103, la B\u0103beni\",\"datePublished\":\"2023-06-14T05:47:00+00:00\",\"dateModified\":\"2024-02-14T09:32:17+00:00\",\"mainEntityOfPage\":{\"@id\":\"https:\/\/carmistinfoundation.org\/citeste-am-inaugurat-o-prima-biblioteca-mobila-la-babeni\/\"},\"wordCount\":157,\"commentCount\":0,\"publisher\":{\"@id\":\"https:\/\/carmistinfoundation.org\/#organization\"},\"image\":{\"@id\":\"https:\/\/carmistinfoundation.org\/citeste-am-inaugurat-o-prima-biblioteca-mobila-la-babeni\/#primaryimage\"},\"thumbnailUrl\":\"https:\/\/carmistinfoundation.org\/wp-content\/uploads\/2023\/06\/cover-biblioteca-noua-babeni-carmistin-foundation-bun.jpg\",\"articleSection\":[\"Educa\u021bie\"],\"inLanguage\":\"en-US\",\"potentialAction\":[{\"@type\":\"CommentAction\",\"name\":\"Comment\",\"target\":[\"https:\/\/carmistinfoundation.org\/citeste-am-inaugurat-o-prima-biblioteca-mobila-la-babeni\/#respond\"]}]},{\"@type\":\"WebPage\",\"@id\":\"https:\/\/carmistinfoundation.org\/citeste-am-inaugurat-o-prima-biblioteca-mobila-la-babeni\/\",\"url\":\"https:\/\/carmistinfoundation.org\/citeste-am-inaugurat-o-prima-biblioteca-mobila-la-babeni\/\",\"name\":\"Cite\u0219te! Am inaugurat o prim\u0103 bibliotec\u0103 mobil\u0103, la B\u0103beni - Funda\u021bia Carmistin\",\"isPartOf\":{\"@id\":\"https:\/\/carmistinfoundation.org\/#website\"},\"primaryImageOfPage\":{\"@id\":\"https:\/\/carmistinfoundation.org\/citeste-am-inaugurat-o-prima-biblioteca-mobila-la-babeni\/#primaryimage\"},\"image\":{\"@id\":\"https:\/\/carmistinfoundation.org\/citeste-am-inaugurat-o-prima-biblioteca-mobila-la-babeni\/#primaryimage\"},\"thumbnailUrl\":\"https:\/\/carmistinfoundation.org\/wp-content\/uploads\/2023\/06\/cover-biblioteca-noua-babeni-carmistin-foundation-bun.jpg\",\"datePublished\":\"2023-06-14T05:47:00+00:00\",\"dateModified\":\"2024-02-14T09:32:17+00:00\",\"description\":\"\u00cen cadrul unei ample campanii de lectur\u0103, ini\u021biat\u0103 de un grup de prieteni, echipa noastr\u0103 a inaugurat o bibliotec\u0103 mobil\u0103 multifunc\u021bional\u0103...\",\"inLanguage\":\"en-US\",\"potentialAction\":[{\"@type\":\"ReadAction\",\"target\":[\"https:\/\/carmistinfoundation.org\/citeste-am-inaugurat-o-prima-biblioteca-mobila-la-babeni\/\"]}]},{\"@type\":\"ImageObject\",\"inLanguage\":\"en-US\",\"@id\":\"https:\/\/carmistinfoundation.org\/citeste-am-inaugurat-o-prima-biblioteca-mobila-la-babeni\/#primaryimage\",\"url\":\"https:\/\/carmistinfoundation.org\/wp-content\/uploads\/2023\/06\/cover-biblioteca-noua-babeni-carmistin-foundation-bun.jpg\",\"contentUrl\":\"https:\/\/carmistinfoundation.org\/wp-content\/uploads\/2023\/06\/cover-biblioteca-noua-babeni-carmistin-foundation-bun.jpg\",\"width\":1270,\"height\":720,\"caption\":\"cover biblioteca noua babeni carmistin foundation bun\"},{\"@type\":\"WebSite\",\"@id\":\"https:\/\/carmistinfoundation.org\/#website\",\"url\":\"https:\/\/carmistinfoundation.org\/\",\"name\":\"Funda\u021bia Carmistin\",\"description\":\"\",\"publisher\":{\"@id\":\"https:\/\/carmistinfoundation.org\/#organization\"},\"potentialAction\":[{\"@type\":\"SearchAction\",\"target\":{\"@type\":\"EntryPoint\",\"urlTemplate\":\"https:\/\/carmistinfoundation.org\/?s={search_term_string}\"},\"query-input\":{\"@type\":\"PropertyValueSpecification\",\"valueRequired\":true,\"valueName\":\"search_term_string\"}}],\"inLanguage\":\"en-US\"},{\"@type\":\"Organization\",\"@id\":\"https:\/\/carmistinfoundation.org\/#organization\",\"name\":\"Funda\u021bia Carmistin\",\"url\":\"https:\/\/carmistinfoundation.org\/\",\"logo\":{\"@type\":\"ImageObject\",\"inLanguage\":\"en-US\",\"@id\":\"https:\/\/carmistinfoundation.org\/#\/schema\/logo\/image\/\",\"url\":\"https:\/\/carmistinfoundation.org\/wp-content\/uploads\/2020\/08\/logo-fundatia-carmistin_C_ALB.png\",\"contentUrl\":\"https:\/\/carmistinfoundation.org\/wp-content\/uploads\/2020\/08\/logo-fundatia-carmistin_C_ALB.png\",\"width\":2275,\"height\":2275,\"caption\":\"Funda\u021bia Carmistin\"},\"image\":{\"@id\":\"https:\/\/carmistinfoundation.org\/#\/schema\/logo\/image\/\"}},{\"@type\":\"Person\",\"@id\":\"https:\/\/carmistinfoundation.org\/#\/schema\/person\/b671ada89585f8fceee36e5a27e5298c\",\"name\":\"krmadmin\",\"image\":{\"@type\":\"ImageObject\",\"inLanguage\":\"en-US\",\"@id\":\"https:\/\/carmistinfoundation.org\/#\/schema\/person\/image\/\",\"url\":\"https:\/\/secure.gravatar.com\/avatar\/bbf325882b4218c94253349392a49358231982eedb2321f1d33835ff40f65fc1?s=96&d=mm&r=g\",\"contentUrl\":\"https:\/\/secure.gravatar.com\/avatar\/bbf325882b4218c94253349392a49358231982eedb2321f1d33835ff40f65fc1?s=96&d=mm&r=g\",\"caption\":\"krmadmin\"},\"sameAs\":[\"https:\/\/carmistinfoundation.org\"],\"url\":\"https:\/\/carmistinfoundation.org\/en\/author\/krmadmin\/\"}]}<\/script>\n<!-- \/ Yoast SEO plugin. -->","yoast_head_json":{"title":"Cite\u0219te! Am inaugurat o prim\u0103 bibliotec\u0103 mobil\u0103, la B\u0103beni - Funda\u021bia Carmistin","description":"\u00cen cadrul unei ample campanii de lectur\u0103, ini\u021biat\u0103 de un grup de prieteni, echipa noastr\u0103 a inaugurat o bibliotec\u0103 mobil\u0103 multifunc\u021bional\u0103...","robots":{"index":"index","follow":"follow","max-snippet":"max-snippet:-1","max-image-preview":"max-image-preview:large","max-video-preview":"max-video-preview:-1"},"canonical":"https:\/\/carmistinfoundation.org\/en\/citeste-am-inaugurat-o-prima-biblioteca-mobila-la-babeni\/","og_locale":"en_US","og_type":"article","og_title":"Cite\u0219te! Am inaugurat o prim\u0103 bibliotec\u0103 mobil\u0103, la B\u0103beni - Funda\u021bia Carmistin","og_description":"\u00cen cadrul unei ample campanii de lectur\u0103, ini\u021biat\u0103 de un grup de prieteni, echipa noastr\u0103 a inaugurat o bibliotec\u0103 mobil\u0103 multifunc\u021bional\u0103...","og_url":"https:\/\/carmistinfoundation.org\/en\/citeste-am-inaugurat-o-prima-biblioteca-mobila-la-babeni\/","og_site_name":"Funda\u021bia Carmistin","article_published_time":"2023-06-14T05:47:00+00:00","article_modified_time":"2024-02-14T09:32:17+00:00","og_image":[{"width":1270,"height":720,"url":"https:\/\/carmistinfoundation.org\/wp-content\/uploads\/2023\/06\/cover-biblioteca-noua-babeni-carmistin-foundation-bun.jpg","type":"image\/jpeg"}],"author":"krmadmin","twitter_card":"summary_large_image","twitter_misc":{"Written by":"krmadmin","Est. reading time":"2 minutes"},"schema":{"@context":"https:\/\/schema.org","@graph":[{"@type":"Article","@id":"https:\/\/carmistinfoundation.org\/citeste-am-inaugurat-o-prima-biblioteca-mobila-la-babeni\/#article","isPartOf":{"@id":"https:\/\/carmistinfoundation.org\/citeste-am-inaugurat-o-prima-biblioteca-mobila-la-babeni\/"},"author":{"name":"krmadmin","@id":"https:\/\/carmistinfoundation.org\/#\/schema\/person\/b671ada89585f8fceee36e5a27e5298c"},"headline":"Cite\u0219te! Am inaugurat o prim\u0103 bibliotec\u0103 mobil\u0103, la B\u0103beni","datePublished":"2023-06-14T05:47:00+00:00","dateModified":"2024-02-14T09:32:17+00:00","mainEntityOfPage":{"@id":"https:\/\/carmistinfoundation.org\/citeste-am-inaugurat-o-prima-biblioteca-mobila-la-babeni\/"},"wordCount":157,"commentCount":0,"publisher":{"@id":"https:\/\/carmistinfoundation.org\/#organization"},"image":{"@id":"https:\/\/carmistinfoundation.org\/citeste-am-inaugurat-o-prima-biblioteca-mobila-la-babeni\/#primaryimage"},"thumbnailUrl":"https:\/\/carmistinfoundation.org\/wp-content\/uploads\/2023\/06\/cover-biblioteca-noua-babeni-carmistin-foundation-bun.jpg","articleSection":["Educa\u021bie"],"inLanguage":"en-US","potentialAction":[{"@type":"CommentAction","name":"Comment","target":["https:\/\/carmistinfoundation.org\/citeste-am-inaugurat-o-prima-biblioteca-mobila-la-babeni\/#respond"]}]},{"@type":"WebPage","@id":"https:\/\/carmistinfoundation.org\/citeste-am-inaugurat-o-prima-biblioteca-mobila-la-babeni\/","url":"https:\/\/carmistinfoundation.org\/citeste-am-inaugurat-o-prima-biblioteca-mobila-la-babeni\/","name":"Cite\u0219te! Am inaugurat o prim\u0103 bibliotec\u0103 mobil\u0103, la B\u0103beni - Funda\u021bia Carmistin","isPartOf":{"@id":"https:\/\/carmistinfoundation.org\/#website"},"primaryImageOfPage":{"@id":"https:\/\/carmistinfoundation.org\/citeste-am-inaugurat-o-prima-biblioteca-mobila-la-babeni\/#primaryimage"},"image":{"@id":"https:\/\/carmistinfoundation.org\/citeste-am-inaugurat-o-prima-biblioteca-mobila-la-babeni\/#primaryimage"},"thumbnailUrl":"https:\/\/carmistinfoundation.org\/wp-content\/uploads\/2023\/06\/cover-biblioteca-noua-babeni-carmistin-foundation-bun.jpg","datePublished":"2023-06-14T05:47:00+00:00","dateModified":"2024-02-14T09:32:17+00:00","description":"\u00cen cadrul unei ample campanii de lectur\u0103, ini\u021biat\u0103 de un grup de prieteni, echipa noastr\u0103 a inaugurat o bibliotec\u0103 mobil\u0103 multifunc\u021bional\u0103...","inLanguage":"en-US","potentialAction":[{"@type":"ReadAction","target":["https:\/\/carmistinfoundation.org\/citeste-am-inaugurat-o-prima-biblioteca-mobila-la-babeni\/"]}]},{"@type":"ImageObject","inLanguage":"en-US","@id":"https:\/\/carmistinfoundation.org\/citeste-am-inaugurat-o-prima-biblioteca-mobila-la-babeni\/#primaryimage","url":"https:\/\/carmistinfoundation.org\/wp-content\/uploads\/2023\/06\/cover-biblioteca-noua-babeni-carmistin-foundation-bun.jpg","contentUrl":"https:\/\/carmistinfoundation.org\/wp-content\/uploads\/2023\/06\/cover-biblioteca-noua-babeni-carmistin-foundation-bun.jpg","width":1270,"height":720,"caption":"cover biblioteca noua babeni carmistin foundation bun"},{"@type":"WebSite","@id":"https:\/\/carmistinfoundation.org\/#website","url":"https:\/\/carmistinfoundation.org\/","name":"Carmistin Foundation","description":"","publisher":{"@id":"https:\/\/carmistinfoundation.org\/#organization"},"potentialAction":[{"@type":"SearchAction","target":{"@type":"EntryPoint","urlTemplate":"https:\/\/carmistinfoundation.org\/?s={search_term_string}"},"query-input":{"@type":"PropertyValueSpecification","valueRequired":true,"valueName":"search_term_string"}}],"inLanguage":"en-US"},{"@type":"Organization","@id":"https:\/\/carmistinfoundation.org\/#organization","name":"Carmistin Foundation","url":"https:\/\/carmistinfoundation.org\/","logo":{"@type":"ImageObject","inLanguage":"en-US","@id":"https:\/\/carmistinfoundation.org\/#\/schema\/logo\/image\/","url":"https:\/\/carmistinfoundation.org\/wp-content\/uploads\/2020\/08\/logo-fundatia-carmistin_C_ALB.png","contentUrl":"https:\/\/carmistinfoundation.org\/wp-content\/uploads\/2020\/08\/logo-fundatia-carmistin_C_ALB.png","width":2275,"height":2275,"caption":"Funda\u021bia Carmistin"},"image":{"@id":"https:\/\/carmistinfoundation.org\/#\/schema\/logo\/image\/"}},{"@type":"Person","@id":"https:\/\/carmistinfoundation.org\/#\/schema\/person\/b671ada89585f8fceee36e5a27e5298c","name":"krmadmin","image":{"@type":"ImageObject","inLanguage":"en-US","@id":"https:\/\/carmistinfoundation.org\/#\/schema\/person\/image\/","url":"https:\/\/secure.gravatar.com\/avatar\/bbf325882b4218c94253349392a49358231982eedb2321f1d33835ff40f65fc1?s=96&d=mm&r=g","contentUrl":"https:\/\/secure.gravatar.com\/avatar\/bbf325882b4218c94253349392a49358231982eedb2321f1d33835ff40f65fc1?s=96&d=mm&r=g","caption":"krmadmin"},"sameAs":["https:\/\/carmistinfoundation.org"],"url":"https:\/\/carmistinfoundation.org\/en\/author\/krmadmin\/"}]}},"_links":{"self":[{"href":"https:\/\/carmistinfoundation.org\/en\/wp-json\/wp\/v2\/posts\/18487","targetHints":{"allow":["GET"]}}],"collection":[{"href":"https:\/\/carmistinfoundation.org\/en\/wp-json\/wp\/v2\/posts"}],"about":[{"href":"https:\/\/carmistinfoundation.org\/en\/wp-json\/wp\/v2\/types\/post"}],"author":[{"embeddable":true,"href":"https:\/\/carmistinfoundation.org\/en\/wp-json\/wp\/v2\/users\/1"}],"replies":[{"embeddable":true,"href":"https:\/\/carmistinfoundation.org\/en\/wp-json\/wp\/v2\/comments?post=18487"}],"version-history":[{"count":0,"href":"https:\/\/carmistinfoundation.org\/en\/wp-json\/wp\/v2\/posts\/18487\/revisions"}],"wp:featuredmedia":[{"embeddable":true,"href":"https:\/\/carmistinfoundation.org\/en\/wp-json\/wp\/v2\/media\/18494"}],"wp:attachment":[{"href":"https:\/\/carmistinfoundation.org\/en\/wp-json\/wp\/v2\/media?parent=18487"}],"wp:term":[{"taxonomy":"category","embeddable":true,"href":"https:\/\/carmistinfoundation.org\/en\/wp-json\/wp\/v2\/categories?post=18487"},{"taxonomy":"post_tag","embeddable":true,"href":"https:\/\/carmistinfoundation.org\/en\/wp-json\/wp\/v2\/tags?post=18487"}],"curies":[{"name":"wp","href":"https:\/\/api.w.org\/{rel}","templated":true}]}}