{"id":18503,"date":"2023-05-31T09:03:00","date_gmt":"2023-05-31T06:03:00","guid":{"rendered":"https:\/\/carmistinfoundation.org\/?p=18503"},"modified":"2024-02-14T12:36:34","modified_gmt":"2024-02-14T09:36:34","slug":"parteneri-in-cupa-federatiei-ecvestre-romane-pentru-copii","status":"publish","type":"post","link":"https:\/\/carmistinfoundation.org\/en\/parteneri-in-cupa-federatiei-ecvestre-romane-pentru-copii\/","title":{"rendered":"Partners in the Romanian Equestrian Federation Cup for Children"},"content":{"rendered":"<p>As partners, we joined the Romanian Equestrian Federation in the Children\u2019s Cup, held at EquiPark Berceni, Bucharest. Over 200 participants showed their skills and passion for horseback riding. The event was included in the annual calendar of the Romanian Equestrian Federation.<\/p>\n\n\n\n<p>In order to promote this sport,  the event offers opportunities for all riding enthusiasts: show jumping, endurance riding, harness, eventing, dressage and vaulting.\nBy supporting events such as the Romanian Equestrian Federation Cup for Children, we want to promote and encourage sports and movement among children,  for both performance and life skills, such as competitive spirit and fair play.<\/p>","protected":false},"excerpt":{"rendered":"<p>Am fost al\u0103turi, \u00een calitate de parteneri, la Cupa Federa\u021biei Ecvestre Rom\u00e2ne pentru Copii, etapa desf\u0103\u0219urat\u0103 la EquiPark Berceni, din Bucure\u0219ti, unde cei peste 200 de participan\u021bi \u0219i-au demonstrat abilit\u0103\u021bile \u0219i pasiunea pentru echita\u021bie. Evenimentul a fost cuprins \u00een calendarul anual al Federa\u021biei Ecvestre Rom\u00e2ne, organism care, pentru a promova acest sport, ofer\u0103 oportunit\u0103\u021bi pentru [&hellip;]<\/p>","protected":false},"author":1,"featured_media":18505,"comment_status":"open","ping_status":"closed","sticky":false,"template":"","format":"standard","meta":{"_acf_changed":false,"_monsterinsights_skip_tracking":false,"_monsterinsights_sitenote_active":false,"_monsterinsights_sitenote_note":"","_monsterinsights_sitenote_category":0,"footnotes":""},"categories":[309],"tags":[],"class_list":["post-18503","post","type-post","status-publish","format-standard","has-post-thumbnail","hentry","category-educatie","entry"],"acf":[],"yoast_head":"<!-- This site is optimized with the Yoast SEO plugin v26.0 - https:\/\/yoast.com\/wordpress\/plugins\/seo\/ -->\n<title>Parteneri \u00een Cupa Federa\u021biei Ecvestre Rom\u00e2ne pentru Copii - Funda\u021bia Carmistin<\/title>\n<meta name=\"description\" content=\"Am fost al\u0103turi, \u00een calitate de parteneri, la Cupa Federa\u021biei Ecvestre Rom\u00e2ne pentru Copii, etapa desf\u0103\u0219urat\u0103 la EquiPark Berceni...\" \/>\n<meta name=\"robots\" content=\"index, follow, max-snippet:-1, max-image-preview:large, max-video-preview:-1\" \/>\n<link rel=\"canonical\" href=\"https:\/\/carmistinfoundation.org\/en\/parteneri-in-cupa-federatiei-ecvestre-romane-pentru-copii\/\" \/>\n<meta property=\"og:locale\" content=\"en_US\" \/>\n<meta property=\"og:type\" content=\"article\" \/>\n<meta property=\"og:title\" content=\"Parteneri \u00een Cupa Federa\u021biei Ecvestre Rom\u00e2ne pentru Copii - Funda\u021bia Carmistin\" \/>\n<meta property=\"og:description\" content=\"Am fost al\u0103turi, \u00een calitate de parteneri, la Cupa Federa\u021biei Ecvestre Rom\u00e2ne pentru Copii, etapa desf\u0103\u0219urat\u0103 la EquiPark Berceni...\" \/>\n<meta property=\"og:url\" content=\"https:\/\/carmistinfoundation.org\/en\/parteneri-in-cupa-federatiei-ecvestre-romane-pentru-copii\/\" \/>\n<meta property=\"og:site_name\" content=\"Funda\u021bia Carmistin\" \/>\n<meta property=\"article:published_time\" content=\"2023-05-31T06:03:00+00:00\" \/>\n<meta property=\"article:modified_time\" content=\"2024-02-14T09:36:34+00:00\" \/>\n<meta property=\"og:image\" content=\"https:\/\/carmistinfoundation.org\/wp-content\/uploads\/2024\/02\/Cupa-Federatiei-Ecvestre-Romane-carmistin-foundation.jpg\" \/>\n\t<meta property=\"og:image:width\" content=\"1486\" \/>\n\t<meta property=\"og:image:height\" content=\"1078\" \/>\n\t<meta property=\"og:image:type\" content=\"image\/jpeg\" \/>\n<meta name=\"author\" content=\"krmadmin\" \/>\n<meta name=\"twitter:card\" content=\"summary_large_image\" \/>\n<meta name=\"twitter:label1\" content=\"Written by\" \/>\n\t<meta name=\"twitter:data1\" content=\"krmadmin\" \/>\n\t<meta name=\"twitter:label2\" content=\"Est. reading time\" \/>\n\t<meta name=\"twitter:data2\" content=\"1 minute\" \/>\n<script type=\"application\/ld+json\" class=\"yoast-schema-graph\">{\"@context\":\"https:\/\/schema.org\",\"@graph\":[{\"@type\":\"Article\",\"@id\":\"https:\/\/carmistinfoundation.org\/parteneri-in-cupa-federatiei-ecvestre-romane-pentru-copii\/#article\",\"isPartOf\":{\"@id\":\"https:\/\/carmistinfoundation.org\/parteneri-in-cupa-federatiei-ecvestre-romane-pentru-copii\/\"},\"author\":{\"name\":\"krmadmin\",\"@id\":\"https:\/\/carmistinfoundation.org\/#\/schema\/person\/b671ada89585f8fceee36e5a27e5298c\"},\"headline\":\"Parteneri \u00een Cupa Federa\u021biei Ecvestre Rom\u00e2ne pentru Copii\",\"datePublished\":\"2023-05-31T06:03:00+00:00\",\"dateModified\":\"2024-02-14T09:36:34+00:00\",\"mainEntityOfPage\":{\"@id\":\"https:\/\/carmistinfoundation.org\/parteneri-in-cupa-federatiei-ecvestre-romane-pentru-copii\/\"},\"wordCount\":137,\"commentCount\":0,\"publisher\":{\"@id\":\"https:\/\/carmistinfoundation.org\/#organization\"},\"image\":{\"@id\":\"https:\/\/carmistinfoundation.org\/parteneri-in-cupa-federatiei-ecvestre-romane-pentru-copii\/#primaryimage\"},\"thumbnailUrl\":\"https:\/\/carmistinfoundation.org\/wp-content\/uploads\/2024\/02\/Cupa-Federatiei-Ecvestre-Romane-carmistin-foundation.jpg\",\"articleSection\":[\"Educa\u021bie\"],\"inLanguage\":\"en-US\",\"potentialAction\":[{\"@type\":\"CommentAction\",\"name\":\"Comment\",\"target\":[\"https:\/\/carmistinfoundation.org\/parteneri-in-cupa-federatiei-ecvestre-romane-pentru-copii\/#respond\"]}]},{\"@type\":\"WebPage\",\"@id\":\"https:\/\/carmistinfoundation.org\/parteneri-in-cupa-federatiei-ecvestre-romane-pentru-copii\/\",\"url\":\"https:\/\/carmistinfoundation.org\/parteneri-in-cupa-federatiei-ecvestre-romane-pentru-copii\/\",\"name\":\"Parteneri \u00een Cupa Federa\u021biei Ecvestre Rom\u00e2ne pentru Copii - Funda\u021bia Carmistin\",\"isPartOf\":{\"@id\":\"https:\/\/carmistinfoundation.org\/#website\"},\"primaryImageOfPage\":{\"@id\":\"https:\/\/carmistinfoundation.org\/parteneri-in-cupa-federatiei-ecvestre-romane-pentru-copii\/#primaryimage\"},\"image\":{\"@id\":\"https:\/\/carmistinfoundation.org\/parteneri-in-cupa-federatiei-ecvestre-romane-pentru-copii\/#primaryimage\"},\"thumbnailUrl\":\"https:\/\/carmistinfoundation.org\/wp-content\/uploads\/2024\/02\/Cupa-Federatiei-Ecvestre-Romane-carmistin-foundation.jpg\",\"datePublished\":\"2023-05-31T06:03:00+00:00\",\"dateModified\":\"2024-02-14T09:36:34+00:00\",\"description\":\"Am fost al\u0103turi, \u00een calitate de parteneri, la Cupa Federa\u021biei Ecvestre Rom\u00e2ne pentru Copii, etapa desf\u0103\u0219urat\u0103 la EquiPark Berceni...\",\"inLanguage\":\"en-US\",\"potentialAction\":[{\"@type\":\"ReadAction\",\"target\":[\"https:\/\/carmistinfoundation.org\/parteneri-in-cupa-federatiei-ecvestre-romane-pentru-copii\/\"]}]},{\"@type\":\"ImageObject\",\"inLanguage\":\"en-US\",\"@id\":\"https:\/\/carmistinfoundation.org\/parteneri-in-cupa-federatiei-ecvestre-romane-pentru-copii\/#primaryimage\",\"url\":\"https:\/\/carmistinfoundation.org\/wp-content\/uploads\/2024\/02\/Cupa-Federatiei-Ecvestre-Romane-carmistin-foundation.jpg\",\"contentUrl\":\"https:\/\/carmistinfoundation.org\/wp-content\/uploads\/2024\/02\/Cupa-Federatiei-Ecvestre-Romane-carmistin-foundation.jpg\",\"width\":1486,\"height\":1078,\"caption\":\"Cupa Federatiei Ecvestre Romane carmistin foundation\"},{\"@type\":\"WebSite\",\"@id\":\"https:\/\/carmistinfoundation.org\/#website\",\"url\":\"https:\/\/carmistinfoundation.org\/\",\"name\":\"Funda\u021bia Carmistin\",\"description\":\"\",\"publisher\":{\"@id\":\"https:\/\/carmistinfoundation.org\/#organization\"},\"potentialAction\":[{\"@type\":\"SearchAction\",\"target\":{\"@type\":\"EntryPoint\",\"urlTemplate\":\"https:\/\/carmistinfoundation.org\/?s={search_term_string}\"},\"query-input\":{\"@type\":\"PropertyValueSpecification\",\"valueRequired\":true,\"valueName\":\"search_term_string\"}}],\"inLanguage\":\"en-US\"},{\"@type\":\"Organization\",\"@id\":\"https:\/\/carmistinfoundation.org\/#organization\",\"name\":\"Funda\u021bia Carmistin\",\"url\":\"https:\/\/carmistinfoundation.org\/\",\"logo\":{\"@type\":\"ImageObject\",\"inLanguage\":\"en-US\",\"@id\":\"https:\/\/carmistinfoundation.org\/#\/schema\/logo\/image\/\",\"url\":\"https:\/\/carmistinfoundation.org\/wp-content\/uploads\/2020\/08\/logo-fundatia-carmistin_C_ALB.png\",\"contentUrl\":\"https:\/\/carmistinfoundation.org\/wp-content\/uploads\/2020\/08\/logo-fundatia-carmistin_C_ALB.png\",\"width\":2275,\"height\":2275,\"caption\":\"Funda\u021bia Carmistin\"},\"image\":{\"@id\":\"https:\/\/carmistinfoundation.org\/#\/schema\/logo\/image\/\"}},{\"@type\":\"Person\",\"@id\":\"https:\/\/carmistinfoundation.org\/#\/schema\/person\/b671ada89585f8fceee36e5a27e5298c\",\"name\":\"krmadmin\",\"image\":{\"@type\":\"ImageObject\",\"inLanguage\":\"en-US\",\"@id\":\"https:\/\/carmistinfoundation.org\/#\/schema\/person\/image\/\",\"url\":\"https:\/\/secure.gravatar.com\/avatar\/bbf325882b4218c94253349392a49358231982eedb2321f1d33835ff40f65fc1?s=96&d=mm&r=g\",\"contentUrl\":\"https:\/\/secure.gravatar.com\/avatar\/bbf325882b4218c94253349392a49358231982eedb2321f1d33835ff40f65fc1?s=96&d=mm&r=g\",\"caption\":\"krmadmin\"},\"sameAs\":[\"https:\/\/carmistinfoundation.org\"],\"url\":\"https:\/\/carmistinfoundation.org\/en\/author\/krmadmin\/\"}]}<\/script>\n<!-- \/ Yoast SEO plugin. -->","yoast_head_json":{"title":"Parteneri \u00een Cupa Federa\u021biei Ecvestre Rom\u00e2ne pentru Copii - Funda\u021bia Carmistin","description":"Am fost al\u0103turi, \u00een calitate de parteneri, la Cupa Federa\u021biei Ecvestre Rom\u00e2ne pentru Copii, etapa desf\u0103\u0219urat\u0103 la EquiPark Berceni...","robots":{"index":"index","follow":"follow","max-snippet":"max-snippet:-1","max-image-preview":"max-image-preview:large","max-video-preview":"max-video-preview:-1"},"canonical":"https:\/\/carmistinfoundation.org\/en\/parteneri-in-cupa-federatiei-ecvestre-romane-pentru-copii\/","og_locale":"en_US","og_type":"article","og_title":"Parteneri \u00een Cupa Federa\u021biei Ecvestre Rom\u00e2ne pentru Copii - Funda\u021bia Carmistin","og_description":"Am fost al\u0103turi, \u00een calitate de parteneri, la Cupa Federa\u021biei Ecvestre Rom\u00e2ne pentru Copii, etapa desf\u0103\u0219urat\u0103 la EquiPark Berceni...","og_url":"https:\/\/carmistinfoundation.org\/en\/parteneri-in-cupa-federatiei-ecvestre-romane-pentru-copii\/","og_site_name":"Funda\u021bia Carmistin","article_published_time":"2023-05-31T06:03:00+00:00","article_modified_time":"2024-02-14T09:36:34+00:00","og_image":[{"width":1486,"height":1078,"url":"https:\/\/carmistinfoundation.org\/wp-content\/uploads\/2024\/02\/Cupa-Federatiei-Ecvestre-Romane-carmistin-foundation.jpg","type":"image\/jpeg"}],"author":"krmadmin","twitter_card":"summary_large_image","twitter_misc":{"Written by":"krmadmin","Est. reading time":"1 minute"},"schema":{"@context":"https:\/\/schema.org","@graph":[{"@type":"Article","@id":"https:\/\/carmistinfoundation.org\/parteneri-in-cupa-federatiei-ecvestre-romane-pentru-copii\/#article","isPartOf":{"@id":"https:\/\/carmistinfoundation.org\/parteneri-in-cupa-federatiei-ecvestre-romane-pentru-copii\/"},"author":{"name":"krmadmin","@id":"https:\/\/carmistinfoundation.org\/#\/schema\/person\/b671ada89585f8fceee36e5a27e5298c"},"headline":"Parteneri \u00een Cupa Federa\u021biei Ecvestre Rom\u00e2ne pentru Copii","datePublished":"2023-05-31T06:03:00+00:00","dateModified":"2024-02-14T09:36:34+00:00","mainEntityOfPage":{"@id":"https:\/\/carmistinfoundation.org\/parteneri-in-cupa-federatiei-ecvestre-romane-pentru-copii\/"},"wordCount":137,"commentCount":0,"publisher":{"@id":"https:\/\/carmistinfoundation.org\/#organization"},"image":{"@id":"https:\/\/carmistinfoundation.org\/parteneri-in-cupa-federatiei-ecvestre-romane-pentru-copii\/#primaryimage"},"thumbnailUrl":"https:\/\/carmistinfoundation.org\/wp-content\/uploads\/2024\/02\/Cupa-Federatiei-Ecvestre-Romane-carmistin-foundation.jpg","articleSection":["Educa\u021bie"],"inLanguage":"en-US","potentialAction":[{"@type":"CommentAction","name":"Comment","target":["https:\/\/carmistinfoundation.org\/parteneri-in-cupa-federatiei-ecvestre-romane-pentru-copii\/#respond"]}]},{"@type":"WebPage","@id":"https:\/\/carmistinfoundation.org\/parteneri-in-cupa-federatiei-ecvestre-romane-pentru-copii\/","url":"https:\/\/carmistinfoundation.org\/parteneri-in-cupa-federatiei-ecvestre-romane-pentru-copii\/","name":"Parteneri \u00een Cupa Federa\u021biei Ecvestre Rom\u00e2ne pentru Copii - Funda\u021bia Carmistin","isPartOf":{"@id":"https:\/\/carmistinfoundation.org\/#website"},"primaryImageOfPage":{"@id":"https:\/\/carmistinfoundation.org\/parteneri-in-cupa-federatiei-ecvestre-romane-pentru-copii\/#primaryimage"},"image":{"@id":"https:\/\/carmistinfoundation.org\/parteneri-in-cupa-federatiei-ecvestre-romane-pentru-copii\/#primaryimage"},"thumbnailUrl":"https:\/\/carmistinfoundation.org\/wp-content\/uploads\/2024\/02\/Cupa-Federatiei-Ecvestre-Romane-carmistin-foundation.jpg","datePublished":"2023-05-31T06:03:00+00:00","dateModified":"2024-02-14T09:36:34+00:00","description":"Am fost al\u0103turi, \u00een calitate de parteneri, la Cupa Federa\u021biei Ecvestre Rom\u00e2ne pentru Copii, etapa desf\u0103\u0219urat\u0103 la EquiPark Berceni...","inLanguage":"en-US","potentialAction":[{"@type":"ReadAction","target":["https:\/\/carmistinfoundation.org\/parteneri-in-cupa-federatiei-ecvestre-romane-pentru-copii\/"]}]},{"@type":"ImageObject","inLanguage":"en-US","@id":"https:\/\/carmistinfoundation.org\/parteneri-in-cupa-federatiei-ecvestre-romane-pentru-copii\/#primaryimage","url":"https:\/\/carmistinfoundation.org\/wp-content\/uploads\/2024\/02\/Cupa-Federatiei-Ecvestre-Romane-carmistin-foundation.jpg","contentUrl":"https:\/\/carmistinfoundation.org\/wp-content\/uploads\/2024\/02\/Cupa-Federatiei-Ecvestre-Romane-carmistin-foundation.jpg","width":1486,"height":1078,"caption":"Cupa Federatiei Ecvestre Romane carmistin foundation"},{"@type":"WebSite","@id":"https:\/\/carmistinfoundation.org\/#website","url":"https:\/\/carmistinfoundation.org\/","name":"Carmistin Foundation","description":"","publisher":{"@id":"https:\/\/carmistinfoundation.org\/#organization"},"potentialAction":[{"@type":"SearchAction","target":{"@type":"EntryPoint","urlTemplate":"https:\/\/carmistinfoundation.org\/?s={search_term_string}"},"query-input":{"@type":"PropertyValueSpecification","valueRequired":true,"valueName":"search_term_string"}}],"inLanguage":"en-US"},{"@type":"Organization","@id":"https:\/\/carmistinfoundation.org\/#organization","name":"Carmistin Foundation","url":"https:\/\/carmistinfoundation.org\/","logo":{"@type":"ImageObject","inLanguage":"en-US","@id":"https:\/\/carmistinfoundation.org\/#\/schema\/logo\/image\/","url":"https:\/\/carmistinfoundation.org\/wp-content\/uploads\/2020\/08\/logo-fundatia-carmistin_C_ALB.png","contentUrl":"https:\/\/carmistinfoundation.org\/wp-content\/uploads\/2020\/08\/logo-fundatia-carmistin_C_ALB.png","width":2275,"height":2275,"caption":"Funda\u021bia Carmistin"},"image":{"@id":"https:\/\/carmistinfoundation.org\/#\/schema\/logo\/image\/"}},{"@type":"Person","@id":"https:\/\/carmistinfoundation.org\/#\/schema\/person\/b671ada89585f8fceee36e5a27e5298c","name":"krmadmin","image":{"@type":"ImageObject","inLanguage":"en-US","@id":"https:\/\/carmistinfoundation.org\/#\/schema\/person\/image\/","url":"https:\/\/secure.gravatar.com\/avatar\/bbf325882b4218c94253349392a49358231982eedb2321f1d33835ff40f65fc1?s=96&d=mm&r=g","contentUrl":"https:\/\/secure.gravatar.com\/avatar\/bbf325882b4218c94253349392a49358231982eedb2321f1d33835ff40f65fc1?s=96&d=mm&r=g","caption":"krmadmin"},"sameAs":["https:\/\/carmistinfoundation.org"],"url":"https:\/\/carmistinfoundation.org\/en\/author\/krmadmin\/"}]}},"_links":{"self":[{"href":"https:\/\/carmistinfoundation.org\/en\/wp-json\/wp\/v2\/posts\/18503","targetHints":{"allow":["GET"]}}],"collection":[{"href":"https:\/\/carmistinfoundation.org\/en\/wp-json\/wp\/v2\/posts"}],"about":[{"href":"https:\/\/carmistinfoundation.org\/en\/wp-json\/wp\/v2\/types\/post"}],"author":[{"embeddable":true,"href":"https:\/\/carmistinfoundation.org\/en\/wp-json\/wp\/v2\/users\/1"}],"replies":[{"embeddable":true,"href":"https:\/\/carmistinfoundation.org\/en\/wp-json\/wp\/v2\/comments?post=18503"}],"version-history":[{"count":0,"href":"https:\/\/carmistinfoundation.org\/en\/wp-json\/wp\/v2\/posts\/18503\/revisions"}],"wp:featuredmedia":[{"embeddable":true,"href":"https:\/\/carmistinfoundation.org\/en\/wp-json\/wp\/v2\/media\/18505"}],"wp:attachment":[{"href":"https:\/\/carmistinfoundation.org\/en\/wp-json\/wp\/v2\/media?parent=18503"}],"wp:term":[{"taxonomy":"category","embeddable":true,"href":"https:\/\/carmistinfoundation.org\/en\/wp-json\/wp\/v2\/categories?post=18503"},{"taxonomy":"post_tag","embeddable":true,"href":"https:\/\/carmistinfoundation.org\/en\/wp-json\/wp\/v2\/tags?post=18503"}],"curies":[{"name":"wp","href":"https:\/\/api.w.org\/{rel}","templated":true}]}}