{"id":18512,"date":"2023-05-21T09:22:00","date_gmt":"2023-05-21T06:22:00","guid":{"rendered":"https:\/\/carmistinfoundation.org\/?p=18512"},"modified":"2024-02-14T12:38:48","modified_gmt":"2024-02-14T09:38:48","slug":"zilele-medicale-si-stiintifice-ale-spitalului-clinic-de-psihiatrie-prof-dr-al-obregia-conferinta-organizata-cu-sprijinul-carmistin","status":"publish","type":"post","link":"https:\/\/carmistinfoundation.org\/en\/zilele-medicale-si-stiintifice-ale-spitalului-clinic-de-psihiatrie-prof-dr-al-obregia-conferinta-organizata-cu-sprijinul-carmistin\/","title":{"rendered":"\"Medical and Scientific Days of the Clinical Hospital of Psychiatry Prof. Dr. Al. Obregia\", conference organized with the support of Carmistin"},"content":{"rendered":"<p>Our team was involved, as a partner, in the planning committe for the \u2019\u2019Medical and Scientific Days of the Clinical Hospital of Psychiatry Prof. Dr. Al. Obregia\u2019\u2019 in Bucharest. The event brought together leading personalities of the medical field.  As we were present at some of the workshops, we learned from experts how we can manage family related issues, especially the parent-child\/parent -adolescent relationship, how we can ease stress related to school or the impact of rapid technological development on cognitive development of our youth. We were particularly interested in the topic of video games \u2013 pros and cons. We learned about the risks and benefits of video game exposure in young children and the impact it has on other aspects of their lives.\nVideo games stimulate problem-solving skills, hand-eye movement coordination, strategic thinking and even social interactions,  in the case of multiplayer games. Clearly, video games are considered to have a significant recreational and entertainment component. When in comes to excessive time spent gaming, it can become borderline addictive and compulsive and the negative effects start to be seen. It can affect sleep, academic performance and physical health due to sedentary tendencies. According to experts, video games are not the only cause of these issues, video game addiction is conditioned by a predisposed body, a predisposed brain and a source of severe stress. Simply playing video games as a recreational activity is not a direct cause of early onset addictive behaviours, and the developmental, cognitive and social pros are clear.<\/p>\n\n\n\n<figure class=\"wp-block-gallery has-nested-images columns-default is-cropped wp-block-gallery-1 is-layout-flex wp-block-gallery-is-layout-flex\">\n<figure data-wp-context=\"{&quot;imageId&quot;:&quot;69f2ae69e4201&quot;}\" data-wp-interactive=\"core\/image\" class=\"wp-block-image size-large wp-lightbox-container\"><img fetchpriority=\"high\" decoding=\"async\" width=\"1024\" height=\"683\" data-wp-class--hide=\"state.isContentHidden\" data-wp-class--show=\"state.isContentVisible\" data-wp-init=\"callbacks.setButtonStyles\" data-wp-on-async--click=\"actions.showLightbox\" data-wp-on-async--load=\"callbacks.setButtonStyles\" data-wp-on-async-window--resize=\"callbacks.setButtonStyles\" data-id=\"18515\" src=\"https:\/\/carmistinfoundation.org\/wp-content\/uploads\/2024\/02\/Zilele-Medicale-si-Stiintifice-ale-Spitalului-Clinic-de-Psihiatrie-Prof-Dr-Al-Obregia-carmistin-foundation-03-1024x683.jpg\" alt=\"\" class=\"wp-image-18515\" srcset=\"https:\/\/carmistinfoundation.org\/wp-content\/uploads\/2024\/02\/Zilele-Medicale-si-Stiintifice-ale-Spitalului-Clinic-de-Psihiatrie-Prof-Dr-Al-Obregia-carmistin-foundation-03-1024x683.jpg 1024w, https:\/\/carmistinfoundation.org\/wp-content\/uploads\/2024\/02\/Zilele-Medicale-si-Stiintifice-ale-Spitalului-Clinic-de-Psihiatrie-Prof-Dr-Al-Obregia-carmistin-foundation-03-300x200.jpg 300w, https:\/\/carmistinfoundation.org\/wp-content\/uploads\/2024\/02\/Zilele-Medicale-si-Stiintifice-ale-Spitalului-Clinic-de-Psihiatrie-Prof-Dr-Al-Obregia-carmistin-foundation-03-768x512.jpg 768w, https:\/\/carmistinfoundation.org\/wp-content\/uploads\/2024\/02\/Zilele-Medicale-si-Stiintifice-ale-Spitalului-Clinic-de-Psihiatrie-Prof-Dr-Al-Obregia-carmistin-foundation-03-1536x1024.jpg 1536w, https:\/\/carmistinfoundation.org\/wp-content\/uploads\/2024\/02\/Zilele-Medicale-si-Stiintifice-ale-Spitalului-Clinic-de-Psihiatrie-Prof-Dr-Al-Obregia-carmistin-foundation-03-2048x1366.jpg 2048w, https:\/\/carmistinfoundation.org\/wp-content\/uploads\/2024\/02\/Zilele-Medicale-si-Stiintifice-ale-Spitalului-Clinic-de-Psihiatrie-Prof-Dr-Al-Obregia-carmistin-foundation-03-1568x1046.jpg 1568w, https:\/\/carmistinfoundation.org\/wp-content\/uploads\/2024\/02\/Zilele-Medicale-si-Stiintifice-ale-Spitalului-Clinic-de-Psihiatrie-Prof-Dr-Al-Obregia-carmistin-foundation-03-600x400.jpg 600w\" sizes=\"(max-width: 1024px) 100vw, 1024px\" \/><button\n\t\t\tclass=\"lightbox-trigger\"\n\t\t\ttype=\"button\"\n\t\t\taria-haspopup=\"dialog\"\n\t\t\taria-label=\"Enlarge\"\n\t\t\tdata-wp-init=\"callbacks.initTriggerButton\"\n\t\t\tdata-wp-on-async--click=\"actions.showLightbox\"\n\t\t\tdata-wp-style--right=\"state.imageButtonRight\"\n\t\t\tdata-wp-style--top=\"state.imageButtonTop\"\n\t\t>\n\t\t\t<svg xmlns=\"http:\/\/www.w3.org\/2000\/svg\" width=\"12\" height=\"12\" fill=\"none\" viewbox=\"0 0 12 12\">\n\t\t\t\t<path fill=\"#fff\" d=\"M2 0a2 2 0 0 0-2 2v2h1.5V2a.5.5 0 0 1 .5-.5h2V0H2Zm2 10.5H2a.5.5 0 0 1-.5-.5V8H0v2a2 2 0 0 0 2 2h2v-1.5ZM8 12v-1.5h2a.5.5 0 0 0 .5-.5V8H12v2a2 2 0 0 1-2 2H8Zm2-12a2 2 0 0 1 2 2v2h-1.5V2a.5.5 0 0 0-.5-.5H8V0h2Z\" \/>\n\t\t\t<\/svg>\n\t\t<\/button><\/figure>\n\n\n\n<figure data-wp-context=\"{&quot;imageId&quot;:&quot;69f2ae69e464f&quot;}\" data-wp-interactive=\"core\/image\" class=\"wp-block-image size-full wp-lightbox-container\"><img decoding=\"async\" width=\"2560\" height=\"1707\" data-wp-class--hide=\"state.isContentHidden\" data-wp-class--show=\"state.isContentVisible\" data-wp-init=\"callbacks.setButtonStyles\" data-wp-on-async--click=\"actions.showLightbox\" data-wp-on-async--load=\"callbacks.setButtonStyles\" data-wp-on-async-window--resize=\"callbacks.setButtonStyles\" data-id=\"18513\" src=\"https:\/\/carmistinfoundation.org\/wp-content\/uploads\/2024\/02\/Zilele-Medicale-si-Stiintifice-ale-Spitalului-Clinic-de-Psihiatrie-Prof-Dr-Al-Obregia-carmistin-foundation-01-scaled.jpg\" alt=\"\" class=\"wp-image-18513\" srcset=\"https:\/\/carmistinfoundation.org\/wp-content\/uploads\/2024\/02\/Zilele-Medicale-si-Stiintifice-ale-Spitalului-Clinic-de-Psihiatrie-Prof-Dr-Al-Obregia-carmistin-foundation-01-scaled.jpg 2560w, https:\/\/carmistinfoundation.org\/wp-content\/uploads\/2024\/02\/Zilele-Medicale-si-Stiintifice-ale-Spitalului-Clinic-de-Psihiatrie-Prof-Dr-Al-Obregia-carmistin-foundation-01-300x200.jpg 300w, https:\/\/carmistinfoundation.org\/wp-content\/uploads\/2024\/02\/Zilele-Medicale-si-Stiintifice-ale-Spitalului-Clinic-de-Psihiatrie-Prof-Dr-Al-Obregia-carmistin-foundation-01-1024x683.jpg 1024w, https:\/\/carmistinfoundation.org\/wp-content\/uploads\/2024\/02\/Zilele-Medicale-si-Stiintifice-ale-Spitalului-Clinic-de-Psihiatrie-Prof-Dr-Al-Obregia-carmistin-foundation-01-768x512.jpg 768w, https:\/\/carmistinfoundation.org\/wp-content\/uploads\/2024\/02\/Zilele-Medicale-si-Stiintifice-ale-Spitalului-Clinic-de-Psihiatrie-Prof-Dr-Al-Obregia-carmistin-foundation-01-1536x1024.jpg 1536w, https:\/\/carmistinfoundation.org\/wp-content\/uploads\/2024\/02\/Zilele-Medicale-si-Stiintifice-ale-Spitalului-Clinic-de-Psihiatrie-Prof-Dr-Al-Obregia-carmistin-foundation-01-2048x1366.jpg 2048w, https:\/\/carmistinfoundation.org\/wp-content\/uploads\/2024\/02\/Zilele-Medicale-si-Stiintifice-ale-Spitalului-Clinic-de-Psihiatrie-Prof-Dr-Al-Obregia-carmistin-foundation-01-1568x1046.jpg 1568w, https:\/\/carmistinfoundation.org\/wp-content\/uploads\/2024\/02\/Zilele-Medicale-si-Stiintifice-ale-Spitalului-Clinic-de-Psihiatrie-Prof-Dr-Al-Obregia-carmistin-foundation-01-600x400.jpg 600w\" sizes=\"(max-width: 2560px) 100vw, 2560px\" \/><button\n\t\t\tclass=\"lightbox-trigger\"\n\t\t\ttype=\"button\"\n\t\t\taria-haspopup=\"dialog\"\n\t\t\taria-label=\"Enlarge\"\n\t\t\tdata-wp-init=\"callbacks.initTriggerButton\"\n\t\t\tdata-wp-on-async--click=\"actions.showLightbox\"\n\t\t\tdata-wp-style--right=\"state.imageButtonRight\"\n\t\t\tdata-wp-style--top=\"state.imageButtonTop\"\n\t\t>\n\t\t\t<svg xmlns=\"http:\/\/www.w3.org\/2000\/svg\" width=\"12\" height=\"12\" fill=\"none\" viewbox=\"0 0 12 12\">\n\t\t\t\t<path fill=\"#fff\" d=\"M2 0a2 2 0 0 0-2 2v2h1.5V2a.5.5 0 0 1 .5-.5h2V0H2Zm2 10.5H2a.5.5 0 0 1-.5-.5V8H0v2a2 2 0 0 0 2 2h2v-1.5ZM8 12v-1.5h2a.5.5 0 0 0 .5-.5V8H12v2a2 2 0 0 1-2 2H8Zm2-12a2 2 0 0 1 2 2v2h-1.5V2a.5.5 0 0 0-.5-.5H8V0h2Z\" \/>\n\t\t\t<\/svg>\n\t\t<\/button><\/figure>\n\n\n\n<figure data-wp-context=\"{&quot;imageId&quot;:&quot;69f2ae69e49d5&quot;}\" data-wp-interactive=\"core\/image\" class=\"wp-block-image size-full wp-lightbox-container\"><img decoding=\"async\" width=\"2560\" height=\"1707\" data-wp-class--hide=\"state.isContentHidden\" data-wp-class--show=\"state.isContentVisible\" data-wp-init=\"callbacks.setButtonStyles\" data-wp-on-async--click=\"actions.showLightbox\" data-wp-on-async--load=\"callbacks.setButtonStyles\" data-wp-on-async-window--resize=\"callbacks.setButtonStyles\" data-id=\"18514\" src=\"https:\/\/carmistinfoundation.org\/wp-content\/uploads\/2024\/02\/Zilele-Medicale-si-Stiintifice-ale-Spitalului-Clinic-de-Psihiatrie-Prof-Dr-Al-Obregia-carmistin-foundation-02-scaled.jpg\" alt=\"\" class=\"wp-image-18514\" srcset=\"https:\/\/carmistinfoundation.org\/wp-content\/uploads\/2024\/02\/Zilele-Medicale-si-Stiintifice-ale-Spitalului-Clinic-de-Psihiatrie-Prof-Dr-Al-Obregia-carmistin-foundation-02-scaled.jpg 2560w, https:\/\/carmistinfoundation.org\/wp-content\/uploads\/2024\/02\/Zilele-Medicale-si-Stiintifice-ale-Spitalului-Clinic-de-Psihiatrie-Prof-Dr-Al-Obregia-carmistin-foundation-02-300x200.jpg 300w, https:\/\/carmistinfoundation.org\/wp-content\/uploads\/2024\/02\/Zilele-Medicale-si-Stiintifice-ale-Spitalului-Clinic-de-Psihiatrie-Prof-Dr-Al-Obregia-carmistin-foundation-02-1024x683.jpg 1024w, https:\/\/carmistinfoundation.org\/wp-content\/uploads\/2024\/02\/Zilele-Medicale-si-Stiintifice-ale-Spitalului-Clinic-de-Psihiatrie-Prof-Dr-Al-Obregia-carmistin-foundation-02-768x512.jpg 768w, https:\/\/carmistinfoundation.org\/wp-content\/uploads\/2024\/02\/Zilele-Medicale-si-Stiintifice-ale-Spitalului-Clinic-de-Psihiatrie-Prof-Dr-Al-Obregia-carmistin-foundation-02-1536x1024.jpg 1536w, https:\/\/carmistinfoundation.org\/wp-content\/uploads\/2024\/02\/Zilele-Medicale-si-Stiintifice-ale-Spitalului-Clinic-de-Psihiatrie-Prof-Dr-Al-Obregia-carmistin-foundation-02-2048x1365.jpg 2048w, https:\/\/carmistinfoundation.org\/wp-content\/uploads\/2024\/02\/Zilele-Medicale-si-Stiintifice-ale-Spitalului-Clinic-de-Psihiatrie-Prof-Dr-Al-Obregia-carmistin-foundation-02-1568x1045.jpg 1568w, https:\/\/carmistinfoundation.org\/wp-content\/uploads\/2024\/02\/Zilele-Medicale-si-Stiintifice-ale-Spitalului-Clinic-de-Psihiatrie-Prof-Dr-Al-Obregia-carmistin-foundation-02-600x400.jpg 600w\" sizes=\"(max-width: 2560px) 100vw, 2560px\" \/><button\n\t\t\tclass=\"lightbox-trigger\"\n\t\t\ttype=\"button\"\n\t\t\taria-haspopup=\"dialog\"\n\t\t\taria-label=\"Enlarge\"\n\t\t\tdata-wp-init=\"callbacks.initTriggerButton\"\n\t\t\tdata-wp-on-async--click=\"actions.showLightbox\"\n\t\t\tdata-wp-style--right=\"state.imageButtonRight\"\n\t\t\tdata-wp-style--top=\"state.imageButtonTop\"\n\t\t>\n\t\t\t<svg xmlns=\"http:\/\/www.w3.org\/2000\/svg\" width=\"12\" height=\"12\" fill=\"none\" viewbox=\"0 0 12 12\">\n\t\t\t\t<path fill=\"#fff\" d=\"M2 0a2 2 0 0 0-2 2v2h1.5V2a.5.5 0 0 1 .5-.5h2V0H2Zm2 10.5H2a.5.5 0 0 1-.5-.5V8H0v2a2 2 0 0 0 2 2h2v-1.5ZM8 12v-1.5h2a.5.5 0 0 0 .5-.5V8H12v2a2 2 0 0 1-2 2H8Zm2-12a2 2 0 0 1 2 2v2h-1.5V2a.5.5 0 0 0-.5-.5H8V0h2Z\" \/>\n\t\t\t<\/svg>\n\t\t<\/button><\/figure>\n<\/figure>\n\n\n\n<p>The conclusion highlighted by specialists is that kids and teenagers need to be encouraged and supported in finding balance between gaming, as a form of leisure, and schoolwork, exercise, real life social activities and other hobbies. <\/p>\n\n\n\n<h2 class=\"wp-block-heading\">Sleep deprived teenagers = vulnerable teenagers<\/h2>\n\n\n\n<p>In her presentation \u2019\u2019Sleep and sleep disorders in adolescents - practical aspects\u201d, Dr Cristina Anghel spoke about the importance of sleep and the significance of treating sleep problems in modern medicine, explaining what happens when adolescents don\u2019t get enough sleep or don\u2019t experience a normal resting cycle. Global expert studies show that teenagers are the most sleep deprived of all age groups, with 85% of them sleeping virtually less than the recommended 8-10 hours\/night. Short sleep and insomnia in adolescents have been declared a major public health problem worldwide. Even starting school hours so early in the morning clashed with their biological need for rest. Children and adolescents need to wake up and function optimally during the time when their brains are actually programmed for rest, not to mention the fact that morning sleep plays a crucial role in all cognitive aspects and emotional states.<\/p>\n\n\n\n<figure class=\"wp-block-gallery has-nested-images columns-default is-cropped wp-block-gallery-2 is-layout-flex wp-block-gallery-is-layout-flex\">\n<figure data-wp-context=\"{&quot;imageId&quot;:&quot;69f2ae69e5482&quot;}\" data-wp-interactive=\"core\/image\" class=\"wp-block-image size-full wp-lightbox-container\"><img loading=\"lazy\" decoding=\"async\" width=\"2560\" height=\"1707\" data-wp-class--hide=\"state.isContentHidden\" data-wp-class--show=\"state.isContentVisible\" data-wp-init=\"callbacks.setButtonStyles\" data-wp-on-async--click=\"actions.showLightbox\" data-wp-on-async--load=\"callbacks.setButtonStyles\" data-wp-on-async-window--resize=\"callbacks.setButtonStyles\" data-id=\"18517\" src=\"https:\/\/carmistinfoundation.org\/wp-content\/uploads\/2024\/02\/Zilele-Medicale-si-Stiintifice-ale-Spitalului-Clinic-de-Psihiatrie-Prof-Dr-Al-Obregia-carmistin-foundation-06-scaled.jpg\" alt=\"\" class=\"wp-image-18517\" srcset=\"https:\/\/carmistinfoundation.org\/wp-content\/uploads\/2024\/02\/Zilele-Medicale-si-Stiintifice-ale-Spitalului-Clinic-de-Psihiatrie-Prof-Dr-Al-Obregia-carmistin-foundation-06-scaled.jpg 2560w, https:\/\/carmistinfoundation.org\/wp-content\/uploads\/2024\/02\/Zilele-Medicale-si-Stiintifice-ale-Spitalului-Clinic-de-Psihiatrie-Prof-Dr-Al-Obregia-carmistin-foundation-06-300x200.jpg 300w, https:\/\/carmistinfoundation.org\/wp-content\/uploads\/2024\/02\/Zilele-Medicale-si-Stiintifice-ale-Spitalului-Clinic-de-Psihiatrie-Prof-Dr-Al-Obregia-carmistin-foundation-06-1024x683.jpg 1024w, https:\/\/carmistinfoundation.org\/wp-content\/uploads\/2024\/02\/Zilele-Medicale-si-Stiintifice-ale-Spitalului-Clinic-de-Psihiatrie-Prof-Dr-Al-Obregia-carmistin-foundation-06-768x512.jpg 768w, https:\/\/carmistinfoundation.org\/wp-content\/uploads\/2024\/02\/Zilele-Medicale-si-Stiintifice-ale-Spitalului-Clinic-de-Psihiatrie-Prof-Dr-Al-Obregia-carmistin-foundation-06-1536x1024.jpg 1536w, https:\/\/carmistinfoundation.org\/wp-content\/uploads\/2024\/02\/Zilele-Medicale-si-Stiintifice-ale-Spitalului-Clinic-de-Psihiatrie-Prof-Dr-Al-Obregia-carmistin-foundation-06-2048x1365.jpg 2048w, https:\/\/carmistinfoundation.org\/wp-content\/uploads\/2024\/02\/Zilele-Medicale-si-Stiintifice-ale-Spitalului-Clinic-de-Psihiatrie-Prof-Dr-Al-Obregia-carmistin-foundation-06-1568x1045.jpg 1568w, https:\/\/carmistinfoundation.org\/wp-content\/uploads\/2024\/02\/Zilele-Medicale-si-Stiintifice-ale-Spitalului-Clinic-de-Psihiatrie-Prof-Dr-Al-Obregia-carmistin-foundation-06-600x400.jpg 600w\" sizes=\"(max-width: 2560px) 100vw, 2560px\" \/><button\n\t\t\tclass=\"lightbox-trigger\"\n\t\t\ttype=\"button\"\n\t\t\taria-haspopup=\"dialog\"\n\t\t\taria-label=\"Enlarge\"\n\t\t\tdata-wp-init=\"callbacks.initTriggerButton\"\n\t\t\tdata-wp-on-async--click=\"actions.showLightbox\"\n\t\t\tdata-wp-style--right=\"state.imageButtonRight\"\n\t\t\tdata-wp-style--top=\"state.imageButtonTop\"\n\t\t>\n\t\t\t<svg xmlns=\"http:\/\/www.w3.org\/2000\/svg\" width=\"12\" height=\"12\" fill=\"none\" viewbox=\"0 0 12 12\">\n\t\t\t\t<path fill=\"#fff\" d=\"M2 0a2 2 0 0 0-2 2v2h1.5V2a.5.5 0 0 1 .5-.5h2V0H2Zm2 10.5H2a.5.5 0 0 1-.5-.5V8H0v2a2 2 0 0 0 2 2h2v-1.5ZM8 12v-1.5h2a.5.5 0 0 0 .5-.5V8H12v2a2 2 0 0 1-2 2H8Zm2-12a2 2 0 0 1 2 2v2h-1.5V2a.5.5 0 0 0-.5-.5H8V0h2Z\" \/>\n\t\t\t<\/svg>\n\t\t<\/button><\/figure>\n\n\n\n<figure data-wp-context=\"{&quot;imageId&quot;:&quot;69f2ae69e575c&quot;}\" data-wp-interactive=\"core\/image\" class=\"wp-block-image size-full wp-lightbox-container\"><img loading=\"lazy\" decoding=\"async\" width=\"2560\" height=\"1707\" data-wp-class--hide=\"state.isContentHidden\" data-wp-class--show=\"state.isContentVisible\" data-wp-init=\"callbacks.setButtonStyles\" data-wp-on-async--click=\"actions.showLightbox\" data-wp-on-async--load=\"callbacks.setButtonStyles\" data-wp-on-async-window--resize=\"callbacks.setButtonStyles\" data-id=\"18518\" src=\"https:\/\/carmistinfoundation.org\/wp-content\/uploads\/2024\/02\/Zilele-Medicale-si-Stiintifice-ale-Spitalului-Clinic-de-Psihiatrie-Prof-Dr-Al-Obregia-carmistin-foundation-04-scaled.jpg\" alt=\"\" class=\"wp-image-18518\" srcset=\"https:\/\/carmistinfoundation.org\/wp-content\/uploads\/2024\/02\/Zilele-Medicale-si-Stiintifice-ale-Spitalului-Clinic-de-Psihiatrie-Prof-Dr-Al-Obregia-carmistin-foundation-04-scaled.jpg 2560w, https:\/\/carmistinfoundation.org\/wp-content\/uploads\/2024\/02\/Zilele-Medicale-si-Stiintifice-ale-Spitalului-Clinic-de-Psihiatrie-Prof-Dr-Al-Obregia-carmistin-foundation-04-300x200.jpg 300w, https:\/\/carmistinfoundation.org\/wp-content\/uploads\/2024\/02\/Zilele-Medicale-si-Stiintifice-ale-Spitalului-Clinic-de-Psihiatrie-Prof-Dr-Al-Obregia-carmistin-foundation-04-1024x683.jpg 1024w, https:\/\/carmistinfoundation.org\/wp-content\/uploads\/2024\/02\/Zilele-Medicale-si-Stiintifice-ale-Spitalului-Clinic-de-Psihiatrie-Prof-Dr-Al-Obregia-carmistin-foundation-04-768x512.jpg 768w, https:\/\/carmistinfoundation.org\/wp-content\/uploads\/2024\/02\/Zilele-Medicale-si-Stiintifice-ale-Spitalului-Clinic-de-Psihiatrie-Prof-Dr-Al-Obregia-carmistin-foundation-04-1536x1024.jpg 1536w, https:\/\/carmistinfoundation.org\/wp-content\/uploads\/2024\/02\/Zilele-Medicale-si-Stiintifice-ale-Spitalului-Clinic-de-Psihiatrie-Prof-Dr-Al-Obregia-carmistin-foundation-04-2048x1365.jpg 2048w, https:\/\/carmistinfoundation.org\/wp-content\/uploads\/2024\/02\/Zilele-Medicale-si-Stiintifice-ale-Spitalului-Clinic-de-Psihiatrie-Prof-Dr-Al-Obregia-carmistin-foundation-04-1568x1045.jpg 1568w, https:\/\/carmistinfoundation.org\/wp-content\/uploads\/2024\/02\/Zilele-Medicale-si-Stiintifice-ale-Spitalului-Clinic-de-Psihiatrie-Prof-Dr-Al-Obregia-carmistin-foundation-04-600x400.jpg 600w\" sizes=\"(max-width: 2560px) 100vw, 2560px\" \/><button\n\t\t\tclass=\"lightbox-trigger\"\n\t\t\ttype=\"button\"\n\t\t\taria-haspopup=\"dialog\"\n\t\t\taria-label=\"Enlarge\"\n\t\t\tdata-wp-init=\"callbacks.initTriggerButton\"\n\t\t\tdata-wp-on-async--click=\"actions.showLightbox\"\n\t\t\tdata-wp-style--right=\"state.imageButtonRight\"\n\t\t\tdata-wp-style--top=\"state.imageButtonTop\"\n\t\t>\n\t\t\t<svg xmlns=\"http:\/\/www.w3.org\/2000\/svg\" width=\"12\" height=\"12\" fill=\"none\" viewbox=\"0 0 12 12\">\n\t\t\t\t<path fill=\"#fff\" d=\"M2 0a2 2 0 0 0-2 2v2h1.5V2a.5.5 0 0 1 .5-.5h2V0H2Zm2 10.5H2a.5.5 0 0 1-.5-.5V8H0v2a2 2 0 0 0 2 2h2v-1.5ZM8 12v-1.5h2a.5.5 0 0 0 .5-.5V8H12v2a2 2 0 0 1-2 2H8Zm2-12a2 2 0 0 1 2 2v2h-1.5V2a.5.5 0 0 0-.5-.5H8V0h2Z\" \/>\n\t\t\t<\/svg>\n\t\t<\/button><\/figure>\n\n\n\n<figure data-wp-context=\"{&quot;imageId&quot;:&quot;69f2ae69e5a5c&quot;}\" data-wp-interactive=\"core\/image\" class=\"wp-block-image size-full wp-lightbox-container\"><img loading=\"lazy\" decoding=\"async\" width=\"2560\" height=\"1707\" data-wp-class--hide=\"state.isContentHidden\" data-wp-class--show=\"state.isContentVisible\" data-wp-init=\"callbacks.setButtonStyles\" data-wp-on-async--click=\"actions.showLightbox\" data-wp-on-async--load=\"callbacks.setButtonStyles\" data-wp-on-async-window--resize=\"callbacks.setButtonStyles\" data-id=\"18516\" src=\"https:\/\/carmistinfoundation.org\/wp-content\/uploads\/2024\/02\/Zilele-Medicale-si-Stiintifice-ale-Spitalului-Clinic-de-Psihiatrie-Prof-Dr-Al-Obregia-carmistin-foundation-05-scaled.jpg\" alt=\"\" class=\"wp-image-18516\" srcset=\"https:\/\/carmistinfoundation.org\/wp-content\/uploads\/2024\/02\/Zilele-Medicale-si-Stiintifice-ale-Spitalului-Clinic-de-Psihiatrie-Prof-Dr-Al-Obregia-carmistin-foundation-05-scaled.jpg 2560w, https:\/\/carmistinfoundation.org\/wp-content\/uploads\/2024\/02\/Zilele-Medicale-si-Stiintifice-ale-Spitalului-Clinic-de-Psihiatrie-Prof-Dr-Al-Obregia-carmistin-foundation-05-300x200.jpg 300w, https:\/\/carmistinfoundation.org\/wp-content\/uploads\/2024\/02\/Zilele-Medicale-si-Stiintifice-ale-Spitalului-Clinic-de-Psihiatrie-Prof-Dr-Al-Obregia-carmistin-foundation-05-1024x683.jpg 1024w, https:\/\/carmistinfoundation.org\/wp-content\/uploads\/2024\/02\/Zilele-Medicale-si-Stiintifice-ale-Spitalului-Clinic-de-Psihiatrie-Prof-Dr-Al-Obregia-carmistin-foundation-05-768x512.jpg 768w, https:\/\/carmistinfoundation.org\/wp-content\/uploads\/2024\/02\/Zilele-Medicale-si-Stiintifice-ale-Spitalului-Clinic-de-Psihiatrie-Prof-Dr-Al-Obregia-carmistin-foundation-05-1536x1024.jpg 1536w, https:\/\/carmistinfoundation.org\/wp-content\/uploads\/2024\/02\/Zilele-Medicale-si-Stiintifice-ale-Spitalului-Clinic-de-Psihiatrie-Prof-Dr-Al-Obregia-carmistin-foundation-05-2048x1365.jpg 2048w, https:\/\/carmistinfoundation.org\/wp-content\/uploads\/2024\/02\/Zilele-Medicale-si-Stiintifice-ale-Spitalului-Clinic-de-Psihiatrie-Prof-Dr-Al-Obregia-carmistin-foundation-05-1568x1045.jpg 1568w, https:\/\/carmistinfoundation.org\/wp-content\/uploads\/2024\/02\/Zilele-Medicale-si-Stiintifice-ale-Spitalului-Clinic-de-Psihiatrie-Prof-Dr-Al-Obregia-carmistin-foundation-05-600x400.jpg 600w\" sizes=\"(max-width: 2560px) 100vw, 2560px\" \/><button\n\t\t\tclass=\"lightbox-trigger\"\n\t\t\ttype=\"button\"\n\t\t\taria-haspopup=\"dialog\"\n\t\t\taria-label=\"Enlarge\"\n\t\t\tdata-wp-init=\"callbacks.initTriggerButton\"\n\t\t\tdata-wp-on-async--click=\"actions.showLightbox\"\n\t\t\tdata-wp-style--right=\"state.imageButtonRight\"\n\t\t\tdata-wp-style--top=\"state.imageButtonTop\"\n\t\t>\n\t\t\t<svg xmlns=\"http:\/\/www.w3.org\/2000\/svg\" width=\"12\" height=\"12\" fill=\"none\" viewbox=\"0 0 12 12\">\n\t\t\t\t<path fill=\"#fff\" d=\"M2 0a2 2 0 0 0-2 2v2h1.5V2a.5.5 0 0 1 .5-.5h2V0H2Zm2 10.5H2a.5.5 0 0 1-.5-.5V8H0v2a2 2 0 0 0 2 2h2v-1.5ZM8 12v-1.5h2a.5.5 0 0 0 .5-.5V8H12v2a2 2 0 0 1-2 2H8Zm2-12a2 2 0 0 1 2 2v2h-1.5V2a.5.5 0 0 0-.5-.5H8V0h2Z\" \/>\n\t\t\t<\/svg>\n\t\t<\/button><\/figure>\n<\/figure>\n\n\n\n<p>What else contributes to an irregular sleep schedule among teenagers - worries about school and social life, other health problems, and medication. Another common factor that has been shown to significantly affect sleep among teenagers is the presence of multiple devices in the bedroom, which doubles the propensity for falling asleep at school or during homework. In summary, sleep deprivation creates a host of problems, affecting cognitive performance and overall health. Sleep deprivation also increases the risk of obesity and susceptibility to depression or anxiety, leads to mood swings, impulsivity or hyperactivity, and contributes to a predisposition to alcohol or substance dependence, especially among young people prescribed sleeping pills. As for the much sought-after remedy for sleep disorders in general and in adolescents in particular, specialists recommend carefully tailoring treatments, particularly recommending greater care in observing, accepting and subsequently treating such problems.<\/p>\n\n\n\n<figure data-wp-context=\"{&quot;imageId&quot;:&quot;69f2ae69e5e2c&quot;}\" data-wp-interactive=\"core\/image\" class=\"wp-block-image size-full wp-lightbox-container\"><img loading=\"lazy\" decoding=\"async\" width=\"2560\" height=\"1707\" data-wp-class--hide=\"state.isContentHidden\" data-wp-class--show=\"state.isContentVisible\" data-wp-init=\"callbacks.setButtonStyles\" data-wp-on-async--click=\"actions.showLightbox\" data-wp-on-async--load=\"callbacks.setButtonStyles\" data-wp-on-async-window--resize=\"callbacks.setButtonStyles\" src=\"https:\/\/carmistinfoundation.org\/wp-content\/uploads\/2024\/02\/Zilele-Medicale-si-Stiintifice-ale-Spitalului-Clinic-de-Psihiatrie-Prof-Dr-Al-Obregia-carmistin-foundation-07-scaled.jpg\" alt=\"\" class=\"wp-image-18519\" srcset=\"https:\/\/carmistinfoundation.org\/wp-content\/uploads\/2024\/02\/Zilele-Medicale-si-Stiintifice-ale-Spitalului-Clinic-de-Psihiatrie-Prof-Dr-Al-Obregia-carmistin-foundation-07-scaled.jpg 2560w, https:\/\/carmistinfoundation.org\/wp-content\/uploads\/2024\/02\/Zilele-Medicale-si-Stiintifice-ale-Spitalului-Clinic-de-Psihiatrie-Prof-Dr-Al-Obregia-carmistin-foundation-07-300x200.jpg 300w, https:\/\/carmistinfoundation.org\/wp-content\/uploads\/2024\/02\/Zilele-Medicale-si-Stiintifice-ale-Spitalului-Clinic-de-Psihiatrie-Prof-Dr-Al-Obregia-carmistin-foundation-07-1024x683.jpg 1024w, https:\/\/carmistinfoundation.org\/wp-content\/uploads\/2024\/02\/Zilele-Medicale-si-Stiintifice-ale-Spitalului-Clinic-de-Psihiatrie-Prof-Dr-Al-Obregia-carmistin-foundation-07-768x512.jpg 768w, https:\/\/carmistinfoundation.org\/wp-content\/uploads\/2024\/02\/Zilele-Medicale-si-Stiintifice-ale-Spitalului-Clinic-de-Psihiatrie-Prof-Dr-Al-Obregia-carmistin-foundation-07-1536x1024.jpg 1536w, https:\/\/carmistinfoundation.org\/wp-content\/uploads\/2024\/02\/Zilele-Medicale-si-Stiintifice-ale-Spitalului-Clinic-de-Psihiatrie-Prof-Dr-Al-Obregia-carmistin-foundation-07-2048x1365.jpg 2048w, https:\/\/carmistinfoundation.org\/wp-content\/uploads\/2024\/02\/Zilele-Medicale-si-Stiintifice-ale-Spitalului-Clinic-de-Psihiatrie-Prof-Dr-Al-Obregia-carmistin-foundation-07-1568x1045.jpg 1568w, https:\/\/carmistinfoundation.org\/wp-content\/uploads\/2024\/02\/Zilele-Medicale-si-Stiintifice-ale-Spitalului-Clinic-de-Psihiatrie-Prof-Dr-Al-Obregia-carmistin-foundation-07-600x400.jpg 600w\" sizes=\"(max-width: 2560px) 100vw, 2560px\" \/><button\n\t\t\tclass=\"lightbox-trigger\"\n\t\t\ttype=\"button\"\n\t\t\taria-haspopup=\"dialog\"\n\t\t\taria-label=\"Enlarge\"\n\t\t\tdata-wp-init=\"callbacks.initTriggerButton\"\n\t\t\tdata-wp-on-async--click=\"actions.showLightbox\"\n\t\t\tdata-wp-style--right=\"state.imageButtonRight\"\n\t\t\tdata-wp-style--top=\"state.imageButtonTop\"\n\t\t>\n\t\t\t<svg xmlns=\"http:\/\/www.w3.org\/2000\/svg\" width=\"12\" height=\"12\" fill=\"none\" viewbox=\"0 0 12 12\">\n\t\t\t\t<path fill=\"#fff\" d=\"M2 0a2 2 0 0 0-2 2v2h1.5V2a.5.5 0 0 1 .5-.5h2V0H2Zm2 10.5H2a.5.5 0 0 1-.5-.5V8H0v2a2 2 0 0 0 2 2h2v-1.5ZM8 12v-1.5h2a.5.5 0 0 0 .5-.5V8H12v2a2 2 0 0 1-2 2H8Zm2-12a2 2 0 0 1 2 2v2h-1.5V2a.5.5 0 0 0-.5-.5H8V0h2Z\" \/>\n\t\t\t<\/svg>\n\t\t<\/button><\/figure>","protected":false},"excerpt":{"rendered":"<p>Echipa noastr\u0103 s-a implicat, \u00een calitate de partener, \u00een organizarea conferin\u021bei na\u021bionale cu participare interna\u021bional\u0103 &#8222;Zilele Medicale \u0219i \u0218tiin\u021bifice ale Spitalului Clinic de Psihiatrie Prof. Dr. Al. Obregia&#8221; Bucure\u0219ti. Pentru c\u0103 evenimentul a reunit personalit\u0103\u021bi marcante ale lumii medicale, am fost prezen\u021bi la c\u00e2teva dintre workshop-uri \u0219i am aflat de la cei mai buni speciali\u0219ti [&hellip;]<\/p>","protected":false},"author":1,"featured_media":18520,"comment_status":"open","ping_status":"closed","sticky":false,"template":"","format":"standard","meta":{"_acf_changed":false,"_monsterinsights_skip_tracking":false,"_monsterinsights_sitenote_active":false,"_monsterinsights_sitenote_note":"","_monsterinsights_sitenote_category":0,"footnotes":""},"categories":[310],"tags":[],"class_list":["post-18512","post","type-post","status-publish","format-standard","has-post-thumbnail","hentry","category-sanatate-si-familie","entry"],"acf":[],"yoast_head":"<!-- This site is optimized with the Yoast SEO plugin v26.0 - https:\/\/yoast.com\/wordpress\/plugins\/seo\/ -->\n<title>&quot;Zilele Medicale \u0219i \u0218tiin\u021bifice ale Spitalului Clinic de Psihiatrie Prof. Dr. Al. Obregia&quot;, conferin\u021b\u0103 organizat\u0103 cu sprijinul Carmistin - Funda\u021bia Carmistin<\/title>\n<meta name=\"description\" content=\"Echipa noastr\u0103 s-a implicat, \u00een calitate de partener, \u00een organizarea conferin\u021bei na\u021bionale cu participare interna\u021bional\u0103 &quot;Zilele Medicale...\" \/>\n<meta name=\"robots\" content=\"index, follow, max-snippet:-1, max-image-preview:large, max-video-preview:-1\" \/>\n<link rel=\"canonical\" href=\"https:\/\/carmistinfoundation.org\/en\/zilele-medicale-si-stiintifice-ale-spitalului-clinic-de-psihiatrie-prof-dr-al-obregia-conferinta-organizata-cu-sprijinul-carmistin\/\" \/>\n<meta property=\"og:locale\" content=\"en_US\" \/>\n<meta property=\"og:type\" content=\"article\" \/>\n<meta property=\"og:title\" content=\"&quot;Zilele Medicale \u0219i \u0218tiin\u021bifice ale Spitalului Clinic de Psihiatrie Prof. Dr. Al. Obregia&quot;, conferin\u021b\u0103 organizat\u0103 cu sprijinul Carmistin - Funda\u021bia Carmistin\" \/>\n<meta property=\"og:description\" content=\"Echipa noastr\u0103 s-a implicat, \u00een calitate de partener, \u00een organizarea conferin\u021bei na\u021bionale cu participare interna\u021bional\u0103 &quot;Zilele Medicale...\" \/>\n<meta property=\"og:url\" content=\"https:\/\/carmistinfoundation.org\/en\/zilele-medicale-si-stiintifice-ale-spitalului-clinic-de-psihiatrie-prof-dr-al-obregia-conferinta-organizata-cu-sprijinul-carmistin\/\" \/>\n<meta property=\"og:site_name\" content=\"Funda\u021bia Carmistin\" \/>\n<meta property=\"article:published_time\" content=\"2023-05-21T06:22:00+00:00\" \/>\n<meta property=\"article:modified_time\" content=\"2024-02-14T09:38:48+00:00\" \/>\n<meta property=\"og:image\" content=\"https:\/\/carmistinfoundation.org\/wp-content\/uploads\/2024\/02\/Zilele-Medicale-si-Stiintifice-ale-Spitalului-Clinic-de-Psihiatrie-Prof-Dr-Al-Obregia-carmistin-foundation-08-scaled.jpg\" \/>\n\t<meta property=\"og:image:width\" content=\"2560\" \/>\n\t<meta property=\"og:image:height\" content=\"1707\" \/>\n\t<meta property=\"og:image:type\" content=\"image\/jpeg\" \/>\n<meta name=\"author\" content=\"krmadmin\" \/>\n<meta name=\"twitter:card\" content=\"summary_large_image\" \/>\n<meta name=\"twitter:label1\" content=\"Written by\" \/>\n\t<meta name=\"twitter:data1\" content=\"krmadmin\" \/>\n\t<meta name=\"twitter:label2\" content=\"Est. reading time\" \/>\n\t<meta name=\"twitter:data2\" content=\"5 minutes\" \/>\n<script type=\"application\/ld+json\" class=\"yoast-schema-graph\">{\"@context\":\"https:\/\/schema.org\",\"@graph\":[{\"@type\":\"Article\",\"@id\":\"https:\/\/carmistinfoundation.org\/zilele-medicale-si-stiintifice-ale-spitalului-clinic-de-psihiatrie-prof-dr-al-obregia-conferinta-organizata-cu-sprijinul-carmistin\/#article\",\"isPartOf\":{\"@id\":\"https:\/\/carmistinfoundation.org\/zilele-medicale-si-stiintifice-ale-spitalului-clinic-de-psihiatrie-prof-dr-al-obregia-conferinta-organizata-cu-sprijinul-carmistin\/\"},\"author\":{\"name\":\"krmadmin\",\"@id\":\"https:\/\/carmistinfoundation.org\/#\/schema\/person\/b671ada89585f8fceee36e5a27e5298c\"},\"headline\":\"&#8222;Zilele Medicale \u0219i \u0218tiin\u021bifice ale Spitalului Clinic de Psihiatrie Prof. Dr. Al. Obregia&#8221;, conferin\u021b\u0103 organizat\u0103 cu sprijinul Carmistin\",\"datePublished\":\"2023-05-21T06:22:00+00:00\",\"dateModified\":\"2024-02-14T09:38:48+00:00\",\"mainEntityOfPage\":{\"@id\":\"https:\/\/carmistinfoundation.org\/zilele-medicale-si-stiintifice-ale-spitalului-clinic-de-psihiatrie-prof-dr-al-obregia-conferinta-organizata-cu-sprijinul-carmistin\/\"},\"wordCount\":796,\"commentCount\":0,\"publisher\":{\"@id\":\"https:\/\/carmistinfoundation.org\/#organization\"},\"image\":{\"@id\":\"https:\/\/carmistinfoundation.org\/zilele-medicale-si-stiintifice-ale-spitalului-clinic-de-psihiatrie-prof-dr-al-obregia-conferinta-organizata-cu-sprijinul-carmistin\/#primaryimage\"},\"thumbnailUrl\":\"https:\/\/carmistinfoundation.org\/wp-content\/uploads\/2024\/02\/Zilele-Medicale-si-Stiintifice-ale-Spitalului-Clinic-de-Psihiatrie-Prof-Dr-Al-Obregia-carmistin-foundation-08-scaled.jpg\",\"articleSection\":[\"S\u0103n\u0103tate \u015fi Familie\"],\"inLanguage\":\"en-US\",\"potentialAction\":[{\"@type\":\"CommentAction\",\"name\":\"Comment\",\"target\":[\"https:\/\/carmistinfoundation.org\/zilele-medicale-si-stiintifice-ale-spitalului-clinic-de-psihiatrie-prof-dr-al-obregia-conferinta-organizata-cu-sprijinul-carmistin\/#respond\"]}]},{\"@type\":\"WebPage\",\"@id\":\"https:\/\/carmistinfoundation.org\/zilele-medicale-si-stiintifice-ale-spitalului-clinic-de-psihiatrie-prof-dr-al-obregia-conferinta-organizata-cu-sprijinul-carmistin\/\",\"url\":\"https:\/\/carmistinfoundation.org\/zilele-medicale-si-stiintifice-ale-spitalului-clinic-de-psihiatrie-prof-dr-al-obregia-conferinta-organizata-cu-sprijinul-carmistin\/\",\"name\":\"\\\"Zilele Medicale \u0219i \u0218tiin\u021bifice ale Spitalului Clinic de Psihiatrie Prof. Dr. Al. Obregia\\\", conferin\u021b\u0103 organizat\u0103 cu sprijinul Carmistin - Funda\u021bia Carmistin\",\"isPartOf\":{\"@id\":\"https:\/\/carmistinfoundation.org\/#website\"},\"primaryImageOfPage\":{\"@id\":\"https:\/\/carmistinfoundation.org\/zilele-medicale-si-stiintifice-ale-spitalului-clinic-de-psihiatrie-prof-dr-al-obregia-conferinta-organizata-cu-sprijinul-carmistin\/#primaryimage\"},\"image\":{\"@id\":\"https:\/\/carmistinfoundation.org\/zilele-medicale-si-stiintifice-ale-spitalului-clinic-de-psihiatrie-prof-dr-al-obregia-conferinta-organizata-cu-sprijinul-carmistin\/#primaryimage\"},\"thumbnailUrl\":\"https:\/\/carmistinfoundation.org\/wp-content\/uploads\/2024\/02\/Zilele-Medicale-si-Stiintifice-ale-Spitalului-Clinic-de-Psihiatrie-Prof-Dr-Al-Obregia-carmistin-foundation-08-scaled.jpg\",\"datePublished\":\"2023-05-21T06:22:00+00:00\",\"dateModified\":\"2024-02-14T09:38:48+00:00\",\"description\":\"Echipa noastr\u0103 s-a implicat, \u00een calitate de partener, \u00een organizarea conferin\u021bei na\u021bionale cu participare interna\u021bional\u0103 \\\"Zilele Medicale...\",\"inLanguage\":\"en-US\",\"potentialAction\":[{\"@type\":\"ReadAction\",\"target\":[\"https:\/\/carmistinfoundation.org\/zilele-medicale-si-stiintifice-ale-spitalului-clinic-de-psihiatrie-prof-dr-al-obregia-conferinta-organizata-cu-sprijinul-carmistin\/\"]}]},{\"@type\":\"ImageObject\",\"inLanguage\":\"en-US\",\"@id\":\"https:\/\/carmistinfoundation.org\/zilele-medicale-si-stiintifice-ale-spitalului-clinic-de-psihiatrie-prof-dr-al-obregia-conferinta-organizata-cu-sprijinul-carmistin\/#primaryimage\",\"url\":\"https:\/\/carmistinfoundation.org\/wp-content\/uploads\/2024\/02\/Zilele-Medicale-si-Stiintifice-ale-Spitalului-Clinic-de-Psihiatrie-Prof-Dr-Al-Obregia-carmistin-foundation-08-scaled.jpg\",\"contentUrl\":\"https:\/\/carmistinfoundation.org\/wp-content\/uploads\/2024\/02\/Zilele-Medicale-si-Stiintifice-ale-Spitalului-Clinic-de-Psihiatrie-Prof-Dr-Al-Obregia-carmistin-foundation-08-scaled.jpg\",\"width\":2560,\"height\":1707,\"caption\":\"Zilele Medicale si Stiintifice ale Spitalului Clinic de Psihiatrie Prof Dr Al Obregia carmistin foundation\"},{\"@type\":\"WebSite\",\"@id\":\"https:\/\/carmistinfoundation.org\/#website\",\"url\":\"https:\/\/carmistinfoundation.org\/\",\"name\":\"Funda\u021bia Carmistin\",\"description\":\"\",\"publisher\":{\"@id\":\"https:\/\/carmistinfoundation.org\/#organization\"},\"potentialAction\":[{\"@type\":\"SearchAction\",\"target\":{\"@type\":\"EntryPoint\",\"urlTemplate\":\"https:\/\/carmistinfoundation.org\/?s={search_term_string}\"},\"query-input\":{\"@type\":\"PropertyValueSpecification\",\"valueRequired\":true,\"valueName\":\"search_term_string\"}}],\"inLanguage\":\"en-US\"},{\"@type\":\"Organization\",\"@id\":\"https:\/\/carmistinfoundation.org\/#organization\",\"name\":\"Funda\u021bia Carmistin\",\"url\":\"https:\/\/carmistinfoundation.org\/\",\"logo\":{\"@type\":\"ImageObject\",\"inLanguage\":\"en-US\",\"@id\":\"https:\/\/carmistinfoundation.org\/#\/schema\/logo\/image\/\",\"url\":\"https:\/\/carmistinfoundation.org\/wp-content\/uploads\/2020\/08\/logo-fundatia-carmistin_C_ALB.png\",\"contentUrl\":\"https:\/\/carmistinfoundation.org\/wp-content\/uploads\/2020\/08\/logo-fundatia-carmistin_C_ALB.png\",\"width\":2275,\"height\":2275,\"caption\":\"Funda\u021bia Carmistin\"},\"image\":{\"@id\":\"https:\/\/carmistinfoundation.org\/#\/schema\/logo\/image\/\"}},{\"@type\":\"Person\",\"@id\":\"https:\/\/carmistinfoundation.org\/#\/schema\/person\/b671ada89585f8fceee36e5a27e5298c\",\"name\":\"krmadmin\",\"image\":{\"@type\":\"ImageObject\",\"inLanguage\":\"en-US\",\"@id\":\"https:\/\/carmistinfoundation.org\/#\/schema\/person\/image\/\",\"url\":\"https:\/\/secure.gravatar.com\/avatar\/bbf325882b4218c94253349392a49358231982eedb2321f1d33835ff40f65fc1?s=96&d=mm&r=g\",\"contentUrl\":\"https:\/\/secure.gravatar.com\/avatar\/bbf325882b4218c94253349392a49358231982eedb2321f1d33835ff40f65fc1?s=96&d=mm&r=g\",\"caption\":\"krmadmin\"},\"sameAs\":[\"https:\/\/carmistinfoundation.org\"],\"url\":\"https:\/\/carmistinfoundation.org\/en\/author\/krmadmin\/\"}]}<\/script>\n<!-- \/ Yoast SEO plugin. -->","yoast_head_json":{"title":"\"Zilele Medicale \u0219i \u0218tiin\u021bifice ale Spitalului Clinic de Psihiatrie Prof. Dr. Al. Obregia\", conferin\u021b\u0103 organizat\u0103 cu sprijinul Carmistin - Funda\u021bia Carmistin","description":"Echipa noastr\u0103 s-a implicat, \u00een calitate de partener, \u00een organizarea conferin\u021bei na\u021bionale cu participare interna\u021bional\u0103 \"Zilele Medicale...","robots":{"index":"index","follow":"follow","max-snippet":"max-snippet:-1","max-image-preview":"max-image-preview:large","max-video-preview":"max-video-preview:-1"},"canonical":"https:\/\/carmistinfoundation.org\/en\/zilele-medicale-si-stiintifice-ale-spitalului-clinic-de-psihiatrie-prof-dr-al-obregia-conferinta-organizata-cu-sprijinul-carmistin\/","og_locale":"en_US","og_type":"article","og_title":"\"Zilele Medicale \u0219i \u0218tiin\u021bifice ale Spitalului Clinic de Psihiatrie Prof. Dr. Al. Obregia\", conferin\u021b\u0103 organizat\u0103 cu sprijinul Carmistin - Funda\u021bia Carmistin","og_description":"Echipa noastr\u0103 s-a implicat, \u00een calitate de partener, \u00een organizarea conferin\u021bei na\u021bionale cu participare interna\u021bional\u0103 \"Zilele Medicale...","og_url":"https:\/\/carmistinfoundation.org\/en\/zilele-medicale-si-stiintifice-ale-spitalului-clinic-de-psihiatrie-prof-dr-al-obregia-conferinta-organizata-cu-sprijinul-carmistin\/","og_site_name":"Funda\u021bia Carmistin","article_published_time":"2023-05-21T06:22:00+00:00","article_modified_time":"2024-02-14T09:38:48+00:00","og_image":[{"width":2560,"height":1707,"url":"https:\/\/carmistinfoundation.org\/wp-content\/uploads\/2024\/02\/Zilele-Medicale-si-Stiintifice-ale-Spitalului-Clinic-de-Psihiatrie-Prof-Dr-Al-Obregia-carmistin-foundation-08-scaled.jpg","type":"image\/jpeg"}],"author":"krmadmin","twitter_card":"summary_large_image","twitter_misc":{"Written by":"krmadmin","Est. reading time":"5 minutes"},"schema":{"@context":"https:\/\/schema.org","@graph":[{"@type":"Article","@id":"https:\/\/carmistinfoundation.org\/zilele-medicale-si-stiintifice-ale-spitalului-clinic-de-psihiatrie-prof-dr-al-obregia-conferinta-organizata-cu-sprijinul-carmistin\/#article","isPartOf":{"@id":"https:\/\/carmistinfoundation.org\/zilele-medicale-si-stiintifice-ale-spitalului-clinic-de-psihiatrie-prof-dr-al-obregia-conferinta-organizata-cu-sprijinul-carmistin\/"},"author":{"name":"krmadmin","@id":"https:\/\/carmistinfoundation.org\/#\/schema\/person\/b671ada89585f8fceee36e5a27e5298c"},"headline":"&#8222;Zilele Medicale \u0219i \u0218tiin\u021bifice ale Spitalului Clinic de Psihiatrie Prof. Dr. Al. Obregia&#8221;, conferin\u021b\u0103 organizat\u0103 cu sprijinul Carmistin","datePublished":"2023-05-21T06:22:00+00:00","dateModified":"2024-02-14T09:38:48+00:00","mainEntityOfPage":{"@id":"https:\/\/carmistinfoundation.org\/zilele-medicale-si-stiintifice-ale-spitalului-clinic-de-psihiatrie-prof-dr-al-obregia-conferinta-organizata-cu-sprijinul-carmistin\/"},"wordCount":796,"commentCount":0,"publisher":{"@id":"https:\/\/carmistinfoundation.org\/#organization"},"image":{"@id":"https:\/\/carmistinfoundation.org\/zilele-medicale-si-stiintifice-ale-spitalului-clinic-de-psihiatrie-prof-dr-al-obregia-conferinta-organizata-cu-sprijinul-carmistin\/#primaryimage"},"thumbnailUrl":"https:\/\/carmistinfoundation.org\/wp-content\/uploads\/2024\/02\/Zilele-Medicale-si-Stiintifice-ale-Spitalului-Clinic-de-Psihiatrie-Prof-Dr-Al-Obregia-carmistin-foundation-08-scaled.jpg","articleSection":["S\u0103n\u0103tate \u015fi Familie"],"inLanguage":"en-US","potentialAction":[{"@type":"CommentAction","name":"Comment","target":["https:\/\/carmistinfoundation.org\/zilele-medicale-si-stiintifice-ale-spitalului-clinic-de-psihiatrie-prof-dr-al-obregia-conferinta-organizata-cu-sprijinul-carmistin\/#respond"]}]},{"@type":"WebPage","@id":"https:\/\/carmistinfoundation.org\/zilele-medicale-si-stiintifice-ale-spitalului-clinic-de-psihiatrie-prof-dr-al-obregia-conferinta-organizata-cu-sprijinul-carmistin\/","url":"https:\/\/carmistinfoundation.org\/zilele-medicale-si-stiintifice-ale-spitalului-clinic-de-psihiatrie-prof-dr-al-obregia-conferinta-organizata-cu-sprijinul-carmistin\/","name":"\"Zilele Medicale \u0219i \u0218tiin\u021bifice ale Spitalului Clinic de Psihiatrie Prof. Dr. Al. Obregia\", conferin\u021b\u0103 organizat\u0103 cu sprijinul Carmistin - Funda\u021bia Carmistin","isPartOf":{"@id":"https:\/\/carmistinfoundation.org\/#website"},"primaryImageOfPage":{"@id":"https:\/\/carmistinfoundation.org\/zilele-medicale-si-stiintifice-ale-spitalului-clinic-de-psihiatrie-prof-dr-al-obregia-conferinta-organizata-cu-sprijinul-carmistin\/#primaryimage"},"image":{"@id":"https:\/\/carmistinfoundation.org\/zilele-medicale-si-stiintifice-ale-spitalului-clinic-de-psihiatrie-prof-dr-al-obregia-conferinta-organizata-cu-sprijinul-carmistin\/#primaryimage"},"thumbnailUrl":"https:\/\/carmistinfoundation.org\/wp-content\/uploads\/2024\/02\/Zilele-Medicale-si-Stiintifice-ale-Spitalului-Clinic-de-Psihiatrie-Prof-Dr-Al-Obregia-carmistin-foundation-08-scaled.jpg","datePublished":"2023-05-21T06:22:00+00:00","dateModified":"2024-02-14T09:38:48+00:00","description":"Echipa noastr\u0103 s-a implicat, \u00een calitate de partener, \u00een organizarea conferin\u021bei na\u021bionale cu participare interna\u021bional\u0103 \"Zilele Medicale...","inLanguage":"en-US","potentialAction":[{"@type":"ReadAction","target":["https:\/\/carmistinfoundation.org\/zilele-medicale-si-stiintifice-ale-spitalului-clinic-de-psihiatrie-prof-dr-al-obregia-conferinta-organizata-cu-sprijinul-carmistin\/"]}]},{"@type":"ImageObject","inLanguage":"en-US","@id":"https:\/\/carmistinfoundation.org\/zilele-medicale-si-stiintifice-ale-spitalului-clinic-de-psihiatrie-prof-dr-al-obregia-conferinta-organizata-cu-sprijinul-carmistin\/#primaryimage","url":"https:\/\/carmistinfoundation.org\/wp-content\/uploads\/2024\/02\/Zilele-Medicale-si-Stiintifice-ale-Spitalului-Clinic-de-Psihiatrie-Prof-Dr-Al-Obregia-carmistin-foundation-08-scaled.jpg","contentUrl":"https:\/\/carmistinfoundation.org\/wp-content\/uploads\/2024\/02\/Zilele-Medicale-si-Stiintifice-ale-Spitalului-Clinic-de-Psihiatrie-Prof-Dr-Al-Obregia-carmistin-foundation-08-scaled.jpg","width":2560,"height":1707,"caption":"Zilele Medicale si Stiintifice ale Spitalului Clinic de Psihiatrie Prof Dr Al Obregia carmistin foundation"},{"@type":"WebSite","@id":"https:\/\/carmistinfoundation.org\/#website","url":"https:\/\/carmistinfoundation.org\/","name":"Carmistin Foundation","description":"","publisher":{"@id":"https:\/\/carmistinfoundation.org\/#organization"},"potentialAction":[{"@type":"SearchAction","target":{"@type":"EntryPoint","urlTemplate":"https:\/\/carmistinfoundation.org\/?s={search_term_string}"},"query-input":{"@type":"PropertyValueSpecification","valueRequired":true,"valueName":"search_term_string"}}],"inLanguage":"en-US"},{"@type":"Organization","@id":"https:\/\/carmistinfoundation.org\/#organization","name":"Carmistin Foundation","url":"https:\/\/carmistinfoundation.org\/","logo":{"@type":"ImageObject","inLanguage":"en-US","@id":"https:\/\/carmistinfoundation.org\/#\/schema\/logo\/image\/","url":"https:\/\/carmistinfoundation.org\/wp-content\/uploads\/2020\/08\/logo-fundatia-carmistin_C_ALB.png","contentUrl":"https:\/\/carmistinfoundation.org\/wp-content\/uploads\/2020\/08\/logo-fundatia-carmistin_C_ALB.png","width":2275,"height":2275,"caption":"Funda\u021bia Carmistin"},"image":{"@id":"https:\/\/carmistinfoundation.org\/#\/schema\/logo\/image\/"}},{"@type":"Person","@id":"https:\/\/carmistinfoundation.org\/#\/schema\/person\/b671ada89585f8fceee36e5a27e5298c","name":"krmadmin","image":{"@type":"ImageObject","inLanguage":"en-US","@id":"https:\/\/carmistinfoundation.org\/#\/schema\/person\/image\/","url":"https:\/\/secure.gravatar.com\/avatar\/bbf325882b4218c94253349392a49358231982eedb2321f1d33835ff40f65fc1?s=96&d=mm&r=g","contentUrl":"https:\/\/secure.gravatar.com\/avatar\/bbf325882b4218c94253349392a49358231982eedb2321f1d33835ff40f65fc1?s=96&d=mm&r=g","caption":"krmadmin"},"sameAs":["https:\/\/carmistinfoundation.org"],"url":"https:\/\/carmistinfoundation.org\/en\/author\/krmadmin\/"}]}},"_links":{"self":[{"href":"https:\/\/carmistinfoundation.org\/en\/wp-json\/wp\/v2\/posts\/18512","targetHints":{"allow":["GET"]}}],"collection":[{"href":"https:\/\/carmistinfoundation.org\/en\/wp-json\/wp\/v2\/posts"}],"about":[{"href":"https:\/\/carmistinfoundation.org\/en\/wp-json\/wp\/v2\/types\/post"}],"author":[{"embeddable":true,"href":"https:\/\/carmistinfoundation.org\/en\/wp-json\/wp\/v2\/users\/1"}],"replies":[{"embeddable":true,"href":"https:\/\/carmistinfoundation.org\/en\/wp-json\/wp\/v2\/comments?post=18512"}],"version-history":[{"count":0,"href":"https:\/\/carmistinfoundation.org\/en\/wp-json\/wp\/v2\/posts\/18512\/revisions"}],"wp:featuredmedia":[{"embeddable":true,"href":"https:\/\/carmistinfoundation.org\/en\/wp-json\/wp\/v2\/media\/18520"}],"wp:attachment":[{"href":"https:\/\/carmistinfoundation.org\/en\/wp-json\/wp\/v2\/media?parent=18512"}],"wp:term":[{"taxonomy":"category","embeddable":true,"href":"https:\/\/carmistinfoundation.org\/en\/wp-json\/wp\/v2\/categories?post=18512"},{"taxonomy":"post_tag","embeddable":true,"href":"https:\/\/carmistinfoundation.org\/en\/wp-json\/wp\/v2\/tags?post=18512"}],"curies":[{"name":"wp","href":"https:\/\/api.w.org\/{rel}","templated":true}]}}