{"id":18524,"date":"2023-04-12T21:43:00","date_gmt":"2023-04-12T18:43:00","guid":{"rendered":"https:\/\/carmistinfoundation.org\/?p=18524"},"modified":"2024-02-14T13:17:27","modified_gmt":"2024-02-14T10:17:27","slug":"am-donat-alimente-persoanelor-varstnice-si-familiilor-defavorizate-din-mizil","status":"publish","type":"post","link":"https:\/\/carmistinfoundation.org\/en\/am-donat-alimente-persoanelor-varstnice-si-familiilor-defavorizate-din-mizil\/","title":{"rendered":"Food donation to the disadvantaged families of Mizil"},"content":{"rendered":"<p>Our Mizil team was present for the local Social Assistance Department and the Orthodox Christian Youth League charity event carried out in the service of the local people in need. Due to low income, disadvantaged families, especially the elderly have difficulties in securing the food they need. More than 80 families with precarious financial situations have received packs of food from <em>La Provincia,<\/em> brand of the Carmistin group.<\/p>\n\n\n\n<figure class=\"wp-block-gallery has-nested-images columns-default is-cropped wp-block-gallery-1 is-layout-flex wp-block-gallery-is-layout-flex\">\n<figure data-wp-context=\"{&quot;imageId&quot;:&quot;69f23efe9862b&quot;}\" data-wp-interactive=\"core\/image\" class=\"wp-block-image size-full wp-lightbox-container\"><img fetchpriority=\"high\" decoding=\"async\" width=\"509\" height=\"595\" data-wp-class--hide=\"state.isContentHidden\" data-wp-class--show=\"state.isContentVisible\" data-wp-init=\"callbacks.setButtonStyles\" data-wp-on-async--click=\"actions.showLightbox\" data-wp-on-async--load=\"callbacks.setButtonStyles\" data-wp-on-async-window--resize=\"callbacks.setButtonStyles\" data-id=\"18534\" src=\"https:\/\/carmistinfoundation.org\/wp-content\/uploads\/2024\/02\/ALIMENTE-PERSOANELOR-VARSNICE-MIZIL-CARMISTIN-FOUNDATION-02.jpeg\" alt=\"\" class=\"wp-image-18534\" srcset=\"https:\/\/carmistinfoundation.org\/wp-content\/uploads\/2024\/02\/ALIMENTE-PERSOANELOR-VARSNICE-MIZIL-CARMISTIN-FOUNDATION-02.jpeg 509w, https:\/\/carmistinfoundation.org\/wp-content\/uploads\/2024\/02\/ALIMENTE-PERSOANELOR-VARSNICE-MIZIL-CARMISTIN-FOUNDATION-02-257x300.jpeg 257w\" sizes=\"(max-width: 509px) 100vw, 509px\" \/><button\n\t\t\tclass=\"lightbox-trigger\"\n\t\t\ttype=\"button\"\n\t\t\taria-haspopup=\"dialog\"\n\t\t\taria-label=\"Enlarge\"\n\t\t\tdata-wp-init=\"callbacks.initTriggerButton\"\n\t\t\tdata-wp-on-async--click=\"actions.showLightbox\"\n\t\t\tdata-wp-style--right=\"state.imageButtonRight\"\n\t\t\tdata-wp-style--top=\"state.imageButtonTop\"\n\t\t>\n\t\t\t<svg xmlns=\"http:\/\/www.w3.org\/2000\/svg\" width=\"12\" height=\"12\" fill=\"none\" viewbox=\"0 0 12 12\">\n\t\t\t\t<path fill=\"#fff\" d=\"M2 0a2 2 0 0 0-2 2v2h1.5V2a.5.5 0 0 1 .5-.5h2V0H2Zm2 10.5H2a.5.5 0 0 1-.5-.5V8H0v2a2 2 0 0 0 2 2h2v-1.5ZM8 12v-1.5h2a.5.5 0 0 0 .5-.5V8H12v2a2 2 0 0 1-2 2H8Zm2-12a2 2 0 0 1 2 2v2h-1.5V2a.5.5 0 0 0-.5-.5H8V0h2Z\" \/>\n\t\t\t<\/svg>\n\t\t<\/button><\/figure>\n\n\n\n<figure data-wp-context=\"{&quot;imageId&quot;:&quot;69f23efe98a36&quot;}\" data-wp-interactive=\"core\/image\" class=\"wp-block-image size-full wp-lightbox-container\"><img decoding=\"async\" width=\"509\" height=\"595\" data-wp-class--hide=\"state.isContentHidden\" data-wp-class--show=\"state.isContentVisible\" data-wp-init=\"callbacks.setButtonStyles\" data-wp-on-async--click=\"actions.showLightbox\" data-wp-on-async--load=\"callbacks.setButtonStyles\" data-wp-on-async-window--resize=\"callbacks.setButtonStyles\" data-id=\"18535\" src=\"https:\/\/carmistinfoundation.org\/wp-content\/uploads\/2024\/02\/ALIMENTE-PERSOANELOR-VARSNICE-MIZIL-CARMISTIN-FOUNDATION-02.jpg\" alt=\"\" class=\"wp-image-18535\" srcset=\"https:\/\/carmistinfoundation.org\/wp-content\/uploads\/2024\/02\/ALIMENTE-PERSOANELOR-VARSNICE-MIZIL-CARMISTIN-FOUNDATION-02.jpg 509w, https:\/\/carmistinfoundation.org\/wp-content\/uploads\/2024\/02\/ALIMENTE-PERSOANELOR-VARSNICE-MIZIL-CARMISTIN-FOUNDATION-02-257x300.jpg 257w\" sizes=\"(max-width: 509px) 100vw, 509px\" \/><button\n\t\t\tclass=\"lightbox-trigger\"\n\t\t\ttype=\"button\"\n\t\t\taria-haspopup=\"dialog\"\n\t\t\taria-label=\"Enlarge\"\n\t\t\tdata-wp-init=\"callbacks.initTriggerButton\"\n\t\t\tdata-wp-on-async--click=\"actions.showLightbox\"\n\t\t\tdata-wp-style--right=\"state.imageButtonRight\"\n\t\t\tdata-wp-style--top=\"state.imageButtonTop\"\n\t\t>\n\t\t\t<svg xmlns=\"http:\/\/www.w3.org\/2000\/svg\" width=\"12\" height=\"12\" fill=\"none\" viewbox=\"0 0 12 12\">\n\t\t\t\t<path fill=\"#fff\" d=\"M2 0a2 2 0 0 0-2 2v2h1.5V2a.5.5 0 0 1 .5-.5h2V0H2Zm2 10.5H2a.5.5 0 0 1-.5-.5V8H0v2a2 2 0 0 0 2 2h2v-1.5ZM8 12v-1.5h2a.5.5 0 0 0 .5-.5V8H12v2a2 2 0 0 1-2 2H8Zm2-12a2 2 0 0 1 2 2v2h-1.5V2a.5.5 0 0 0-.5-.5H8V0h2Z\" \/>\n\t\t\t<\/svg>\n\t\t<\/button><\/figure>\n<\/figure>","protected":false},"excerpt":{"rendered":"<p>Echipa noastr\u0103 din Mizil a fost prezent\u0103 la ac\u021biunea pe care reprezentan\u021bii Direc\u021biei locale de Asisten\u021b\u0103 Social\u0103 \u0219i Liga Tineretului Cre\u0219tin Ortodox o desf\u0103\u0219oar\u0103 \u00een slujba comunit\u0103\u021bii locale. Din cauza veniturilor reduse, persoanele v\u00e2rstnice \u0219i familiile defavorizate \u00ee\u0219i asigur\u0103 cu greu necesarul de alimente de care au nevoie, astfel peste 80 de familii cu situa\u021bie [&hellip;]<\/p>","protected":false},"author":1,"featured_media":18536,"comment_status":"open","ping_status":"closed","sticky":false,"template":"","format":"standard","meta":{"_acf_changed":false,"_monsterinsights_skip_tracking":false,"_monsterinsights_sitenote_active":false,"_monsterinsights_sitenote_note":"","_monsterinsights_sitenote_category":0,"footnotes":""},"categories":[311],"tags":[],"class_list":["post-18524","post","type-post","status-publish","format-standard","has-post-thumbnail","hentry","category-comunitate","entry"],"acf":[],"yoast_head":"<!-- This site is optimized with the Yoast SEO plugin v26.0 - https:\/\/yoast.com\/wordpress\/plugins\/seo\/ -->\n<title>Am donat alimente persoanelor v\u00e2rstnice \u0219i familiilor defavorizate din Mizil - Funda\u021bia Carmistin<\/title>\n<meta name=\"description\" content=\"Echipa noastr\u0103 a fost prezent\u0103 la ac\u021biunea pe care reprezentan\u021bii Direc\u021biei locale de Asisten\u021b\u0103 Social\u0103 \u0219i Liga Tineretului Cre\u0219tin Ortodox.\" \/>\n<meta name=\"robots\" content=\"index, follow, max-snippet:-1, max-image-preview:large, max-video-preview:-1\" \/>\n<link rel=\"canonical\" href=\"https:\/\/carmistinfoundation.org\/en\/am-donat-alimente-persoanelor-varstnice-si-familiilor-defavorizate-din-mizil\/\" \/>\n<meta property=\"og:locale\" content=\"en_US\" \/>\n<meta property=\"og:type\" content=\"article\" \/>\n<meta property=\"og:title\" content=\"Am donat alimente persoanelor v\u00e2rstnice \u0219i familiilor defavorizate din Mizil - Funda\u021bia Carmistin\" \/>\n<meta property=\"og:description\" content=\"Echipa noastr\u0103 a fost prezent\u0103 la ac\u021biunea pe care reprezentan\u021bii Direc\u021biei locale de Asisten\u021b\u0103 Social\u0103 \u0219i Liga Tineretului Cre\u0219tin Ortodox.\" \/>\n<meta property=\"og:url\" content=\"https:\/\/carmistinfoundation.org\/en\/am-donat-alimente-persoanelor-varstnice-si-familiilor-defavorizate-din-mizil\/\" \/>\n<meta property=\"og:site_name\" content=\"Funda\u021bia Carmistin\" \/>\n<meta property=\"article:published_time\" content=\"2023-04-12T18:43:00+00:00\" \/>\n<meta property=\"article:modified_time\" content=\"2024-02-14T10:17:27+00:00\" \/>\n<meta property=\"og:image\" content=\"https:\/\/carmistinfoundation.org\/wp-content\/uploads\/2024\/02\/COVER-ALIMENTE-PERSOANELOR-VARSNICE-MIZIL-CARMISTIN-FOUNDATION.jpg\" \/>\n\t<meta property=\"og:image:width\" content=\"1882\" \/>\n\t<meta property=\"og:image:height\" content=\"1255\" \/>\n\t<meta property=\"og:image:type\" content=\"image\/jpeg\" \/>\n<meta name=\"author\" content=\"krmadmin\" \/>\n<meta name=\"twitter:card\" content=\"summary_large_image\" \/>\n<meta name=\"twitter:label1\" content=\"Written by\" \/>\n\t<meta name=\"twitter:data1\" content=\"krmadmin\" \/>\n\t<meta name=\"twitter:label2\" content=\"Est. reading time\" \/>\n\t<meta name=\"twitter:data2\" content=\"1 minute\" \/>\n<script type=\"application\/ld+json\" class=\"yoast-schema-graph\">{\"@context\":\"https:\/\/schema.org\",\"@graph\":[{\"@type\":\"Article\",\"@id\":\"https:\/\/carmistinfoundation.org\/am-donat-alimente-persoanelor-varstnice-si-familiilor-defavorizate-din-mizil\/#article\",\"isPartOf\":{\"@id\":\"https:\/\/carmistinfoundation.org\/am-donat-alimente-persoanelor-varstnice-si-familiilor-defavorizate-din-mizil\/\"},\"author\":{\"name\":\"krmadmin\",\"@id\":\"https:\/\/carmistinfoundation.org\/#\/schema\/person\/b671ada89585f8fceee36e5a27e5298c\"},\"headline\":\"Am donat alimente persoanelor v\u00e2rstnice \u0219i familiilor defavorizate din Mizil\",\"datePublished\":\"2023-04-12T18:43:00+00:00\",\"dateModified\":\"2024-02-14T10:17:27+00:00\",\"mainEntityOfPage\":{\"@id\":\"https:\/\/carmistinfoundation.org\/am-donat-alimente-persoanelor-varstnice-si-familiilor-defavorizate-din-mizil\/\"},\"wordCount\":91,\"commentCount\":0,\"publisher\":{\"@id\":\"https:\/\/carmistinfoundation.org\/#organization\"},\"image\":{\"@id\":\"https:\/\/carmistinfoundation.org\/am-donat-alimente-persoanelor-varstnice-si-familiilor-defavorizate-din-mizil\/#primaryimage\"},\"thumbnailUrl\":\"https:\/\/carmistinfoundation.org\/wp-content\/uploads\/2024\/02\/COVER-ALIMENTE-PERSOANELOR-VARSNICE-MIZIL-CARMISTIN-FOUNDATION.jpg\",\"articleSection\":[\"Comunitate\"],\"inLanguage\":\"en-US\",\"potentialAction\":[{\"@type\":\"CommentAction\",\"name\":\"Comment\",\"target\":[\"https:\/\/carmistinfoundation.org\/am-donat-alimente-persoanelor-varstnice-si-familiilor-defavorizate-din-mizil\/#respond\"]}]},{\"@type\":\"WebPage\",\"@id\":\"https:\/\/carmistinfoundation.org\/am-donat-alimente-persoanelor-varstnice-si-familiilor-defavorizate-din-mizil\/\",\"url\":\"https:\/\/carmistinfoundation.org\/am-donat-alimente-persoanelor-varstnice-si-familiilor-defavorizate-din-mizil\/\",\"name\":\"Am donat alimente persoanelor v\u00e2rstnice \u0219i familiilor defavorizate din Mizil - Funda\u021bia Carmistin\",\"isPartOf\":{\"@id\":\"https:\/\/carmistinfoundation.org\/#website\"},\"primaryImageOfPage\":{\"@id\":\"https:\/\/carmistinfoundation.org\/am-donat-alimente-persoanelor-varstnice-si-familiilor-defavorizate-din-mizil\/#primaryimage\"},\"image\":{\"@id\":\"https:\/\/carmistinfoundation.org\/am-donat-alimente-persoanelor-varstnice-si-familiilor-defavorizate-din-mizil\/#primaryimage\"},\"thumbnailUrl\":\"https:\/\/carmistinfoundation.org\/wp-content\/uploads\/2024\/02\/COVER-ALIMENTE-PERSOANELOR-VARSNICE-MIZIL-CARMISTIN-FOUNDATION.jpg\",\"datePublished\":\"2023-04-12T18:43:00+00:00\",\"dateModified\":\"2024-02-14T10:17:27+00:00\",\"description\":\"Echipa noastr\u0103 a fost prezent\u0103 la ac\u021biunea pe care reprezentan\u021bii Direc\u021biei locale de Asisten\u021b\u0103 Social\u0103 \u0219i Liga Tineretului Cre\u0219tin Ortodox.\",\"inLanguage\":\"en-US\",\"potentialAction\":[{\"@type\":\"ReadAction\",\"target\":[\"https:\/\/carmistinfoundation.org\/am-donat-alimente-persoanelor-varstnice-si-familiilor-defavorizate-din-mizil\/\"]}]},{\"@type\":\"ImageObject\",\"inLanguage\":\"en-US\",\"@id\":\"https:\/\/carmistinfoundation.org\/am-donat-alimente-persoanelor-varstnice-si-familiilor-defavorizate-din-mizil\/#primaryimage\",\"url\":\"https:\/\/carmistinfoundation.org\/wp-content\/uploads\/2024\/02\/COVER-ALIMENTE-PERSOANELOR-VARSNICE-MIZIL-CARMISTIN-FOUNDATION.jpg\",\"contentUrl\":\"https:\/\/carmistinfoundation.org\/wp-content\/uploads\/2024\/02\/COVER-ALIMENTE-PERSOANELOR-VARSNICE-MIZIL-CARMISTIN-FOUNDATION.jpg\",\"width\":1882,\"height\":1255,\"caption\":\"COVER ALIMENTE PERSOANELOR VARSNICE MIZIL CARMISTIN FOUNDATION\"},{\"@type\":\"WebSite\",\"@id\":\"https:\/\/carmistinfoundation.org\/#website\",\"url\":\"https:\/\/carmistinfoundation.org\/\",\"name\":\"Funda\u021bia Carmistin\",\"description\":\"\",\"publisher\":{\"@id\":\"https:\/\/carmistinfoundation.org\/#organization\"},\"potentialAction\":[{\"@type\":\"SearchAction\",\"target\":{\"@type\":\"EntryPoint\",\"urlTemplate\":\"https:\/\/carmistinfoundation.org\/?s={search_term_string}\"},\"query-input\":{\"@type\":\"PropertyValueSpecification\",\"valueRequired\":true,\"valueName\":\"search_term_string\"}}],\"inLanguage\":\"en-US\"},{\"@type\":\"Organization\",\"@id\":\"https:\/\/carmistinfoundation.org\/#organization\",\"name\":\"Funda\u021bia Carmistin\",\"url\":\"https:\/\/carmistinfoundation.org\/\",\"logo\":{\"@type\":\"ImageObject\",\"inLanguage\":\"en-US\",\"@id\":\"https:\/\/carmistinfoundation.org\/#\/schema\/logo\/image\/\",\"url\":\"https:\/\/carmistinfoundation.org\/wp-content\/uploads\/2020\/08\/logo-fundatia-carmistin_C_ALB.png\",\"contentUrl\":\"https:\/\/carmistinfoundation.org\/wp-content\/uploads\/2020\/08\/logo-fundatia-carmistin_C_ALB.png\",\"width\":2275,\"height\":2275,\"caption\":\"Funda\u021bia Carmistin\"},\"image\":{\"@id\":\"https:\/\/carmistinfoundation.org\/#\/schema\/logo\/image\/\"}},{\"@type\":\"Person\",\"@id\":\"https:\/\/carmistinfoundation.org\/#\/schema\/person\/b671ada89585f8fceee36e5a27e5298c\",\"name\":\"krmadmin\",\"image\":{\"@type\":\"ImageObject\",\"inLanguage\":\"en-US\",\"@id\":\"https:\/\/carmistinfoundation.org\/#\/schema\/person\/image\/\",\"url\":\"https:\/\/secure.gravatar.com\/avatar\/bbf325882b4218c94253349392a49358231982eedb2321f1d33835ff40f65fc1?s=96&d=mm&r=g\",\"contentUrl\":\"https:\/\/secure.gravatar.com\/avatar\/bbf325882b4218c94253349392a49358231982eedb2321f1d33835ff40f65fc1?s=96&d=mm&r=g\",\"caption\":\"krmadmin\"},\"sameAs\":[\"https:\/\/carmistinfoundation.org\"],\"url\":\"https:\/\/carmistinfoundation.org\/en\/author\/krmadmin\/\"}]}<\/script>\n<!-- \/ Yoast SEO plugin. -->","yoast_head_json":{"title":"Am donat alimente persoanelor v\u00e2rstnice \u0219i familiilor defavorizate din Mizil - Funda\u021bia Carmistin","description":"Echipa noastr\u0103 a fost prezent\u0103 la ac\u021biunea pe care reprezentan\u021bii Direc\u021biei locale de Asisten\u021b\u0103 Social\u0103 \u0219i Liga Tineretului Cre\u0219tin Ortodox.","robots":{"index":"index","follow":"follow","max-snippet":"max-snippet:-1","max-image-preview":"max-image-preview:large","max-video-preview":"max-video-preview:-1"},"canonical":"https:\/\/carmistinfoundation.org\/en\/am-donat-alimente-persoanelor-varstnice-si-familiilor-defavorizate-din-mizil\/","og_locale":"en_US","og_type":"article","og_title":"Am donat alimente persoanelor v\u00e2rstnice \u0219i familiilor defavorizate din Mizil - Funda\u021bia Carmistin","og_description":"Echipa noastr\u0103 a fost prezent\u0103 la ac\u021biunea pe care reprezentan\u021bii Direc\u021biei locale de Asisten\u021b\u0103 Social\u0103 \u0219i Liga Tineretului Cre\u0219tin Ortodox.","og_url":"https:\/\/carmistinfoundation.org\/en\/am-donat-alimente-persoanelor-varstnice-si-familiilor-defavorizate-din-mizil\/","og_site_name":"Funda\u021bia Carmistin","article_published_time":"2023-04-12T18:43:00+00:00","article_modified_time":"2024-02-14T10:17:27+00:00","og_image":[{"width":1882,"height":1255,"url":"https:\/\/carmistinfoundation.org\/wp-content\/uploads\/2024\/02\/COVER-ALIMENTE-PERSOANELOR-VARSNICE-MIZIL-CARMISTIN-FOUNDATION.jpg","type":"image\/jpeg"}],"author":"krmadmin","twitter_card":"summary_large_image","twitter_misc":{"Written by":"krmadmin","Est. reading time":"1 minute"},"schema":{"@context":"https:\/\/schema.org","@graph":[{"@type":"Article","@id":"https:\/\/carmistinfoundation.org\/am-donat-alimente-persoanelor-varstnice-si-familiilor-defavorizate-din-mizil\/#article","isPartOf":{"@id":"https:\/\/carmistinfoundation.org\/am-donat-alimente-persoanelor-varstnice-si-familiilor-defavorizate-din-mizil\/"},"author":{"name":"krmadmin","@id":"https:\/\/carmistinfoundation.org\/#\/schema\/person\/b671ada89585f8fceee36e5a27e5298c"},"headline":"Am donat alimente persoanelor v\u00e2rstnice \u0219i familiilor defavorizate din Mizil","datePublished":"2023-04-12T18:43:00+00:00","dateModified":"2024-02-14T10:17:27+00:00","mainEntityOfPage":{"@id":"https:\/\/carmistinfoundation.org\/am-donat-alimente-persoanelor-varstnice-si-familiilor-defavorizate-din-mizil\/"},"wordCount":91,"commentCount":0,"publisher":{"@id":"https:\/\/carmistinfoundation.org\/#organization"},"image":{"@id":"https:\/\/carmistinfoundation.org\/am-donat-alimente-persoanelor-varstnice-si-familiilor-defavorizate-din-mizil\/#primaryimage"},"thumbnailUrl":"https:\/\/carmistinfoundation.org\/wp-content\/uploads\/2024\/02\/COVER-ALIMENTE-PERSOANELOR-VARSNICE-MIZIL-CARMISTIN-FOUNDATION.jpg","articleSection":["Comunitate"],"inLanguage":"en-US","potentialAction":[{"@type":"CommentAction","name":"Comment","target":["https:\/\/carmistinfoundation.org\/am-donat-alimente-persoanelor-varstnice-si-familiilor-defavorizate-din-mizil\/#respond"]}]},{"@type":"WebPage","@id":"https:\/\/carmistinfoundation.org\/am-donat-alimente-persoanelor-varstnice-si-familiilor-defavorizate-din-mizil\/","url":"https:\/\/carmistinfoundation.org\/am-donat-alimente-persoanelor-varstnice-si-familiilor-defavorizate-din-mizil\/","name":"Am donat alimente persoanelor v\u00e2rstnice \u0219i familiilor defavorizate din Mizil - Funda\u021bia Carmistin","isPartOf":{"@id":"https:\/\/carmistinfoundation.org\/#website"},"primaryImageOfPage":{"@id":"https:\/\/carmistinfoundation.org\/am-donat-alimente-persoanelor-varstnice-si-familiilor-defavorizate-din-mizil\/#primaryimage"},"image":{"@id":"https:\/\/carmistinfoundation.org\/am-donat-alimente-persoanelor-varstnice-si-familiilor-defavorizate-din-mizil\/#primaryimage"},"thumbnailUrl":"https:\/\/carmistinfoundation.org\/wp-content\/uploads\/2024\/02\/COVER-ALIMENTE-PERSOANELOR-VARSNICE-MIZIL-CARMISTIN-FOUNDATION.jpg","datePublished":"2023-04-12T18:43:00+00:00","dateModified":"2024-02-14T10:17:27+00:00","description":"Echipa noastr\u0103 a fost prezent\u0103 la ac\u021biunea pe care reprezentan\u021bii Direc\u021biei locale de Asisten\u021b\u0103 Social\u0103 \u0219i Liga Tineretului Cre\u0219tin Ortodox.","inLanguage":"en-US","potentialAction":[{"@type":"ReadAction","target":["https:\/\/carmistinfoundation.org\/am-donat-alimente-persoanelor-varstnice-si-familiilor-defavorizate-din-mizil\/"]}]},{"@type":"ImageObject","inLanguage":"en-US","@id":"https:\/\/carmistinfoundation.org\/am-donat-alimente-persoanelor-varstnice-si-familiilor-defavorizate-din-mizil\/#primaryimage","url":"https:\/\/carmistinfoundation.org\/wp-content\/uploads\/2024\/02\/COVER-ALIMENTE-PERSOANELOR-VARSNICE-MIZIL-CARMISTIN-FOUNDATION.jpg","contentUrl":"https:\/\/carmistinfoundation.org\/wp-content\/uploads\/2024\/02\/COVER-ALIMENTE-PERSOANELOR-VARSNICE-MIZIL-CARMISTIN-FOUNDATION.jpg","width":1882,"height":1255,"caption":"COVER ALIMENTE PERSOANELOR VARSNICE MIZIL CARMISTIN FOUNDATION"},{"@type":"WebSite","@id":"https:\/\/carmistinfoundation.org\/#website","url":"https:\/\/carmistinfoundation.org\/","name":"Carmistin Foundation","description":"","publisher":{"@id":"https:\/\/carmistinfoundation.org\/#organization"},"potentialAction":[{"@type":"SearchAction","target":{"@type":"EntryPoint","urlTemplate":"https:\/\/carmistinfoundation.org\/?s={search_term_string}"},"query-input":{"@type":"PropertyValueSpecification","valueRequired":true,"valueName":"search_term_string"}}],"inLanguage":"en-US"},{"@type":"Organization","@id":"https:\/\/carmistinfoundation.org\/#organization","name":"Carmistin Foundation","url":"https:\/\/carmistinfoundation.org\/","logo":{"@type":"ImageObject","inLanguage":"en-US","@id":"https:\/\/carmistinfoundation.org\/#\/schema\/logo\/image\/","url":"https:\/\/carmistinfoundation.org\/wp-content\/uploads\/2020\/08\/logo-fundatia-carmistin_C_ALB.png","contentUrl":"https:\/\/carmistinfoundation.org\/wp-content\/uploads\/2020\/08\/logo-fundatia-carmistin_C_ALB.png","width":2275,"height":2275,"caption":"Funda\u021bia Carmistin"},"image":{"@id":"https:\/\/carmistinfoundation.org\/#\/schema\/logo\/image\/"}},{"@type":"Person","@id":"https:\/\/carmistinfoundation.org\/#\/schema\/person\/b671ada89585f8fceee36e5a27e5298c","name":"krmadmin","image":{"@type":"ImageObject","inLanguage":"en-US","@id":"https:\/\/carmistinfoundation.org\/#\/schema\/person\/image\/","url":"https:\/\/secure.gravatar.com\/avatar\/bbf325882b4218c94253349392a49358231982eedb2321f1d33835ff40f65fc1?s=96&d=mm&r=g","contentUrl":"https:\/\/secure.gravatar.com\/avatar\/bbf325882b4218c94253349392a49358231982eedb2321f1d33835ff40f65fc1?s=96&d=mm&r=g","caption":"krmadmin"},"sameAs":["https:\/\/carmistinfoundation.org"],"url":"https:\/\/carmistinfoundation.org\/en\/author\/krmadmin\/"}]}},"_links":{"self":[{"href":"https:\/\/carmistinfoundation.org\/en\/wp-json\/wp\/v2\/posts\/18524","targetHints":{"allow":["GET"]}}],"collection":[{"href":"https:\/\/carmistinfoundation.org\/en\/wp-json\/wp\/v2\/posts"}],"about":[{"href":"https:\/\/carmistinfoundation.org\/en\/wp-json\/wp\/v2\/types\/post"}],"author":[{"embeddable":true,"href":"https:\/\/carmistinfoundation.org\/en\/wp-json\/wp\/v2\/users\/1"}],"replies":[{"embeddable":true,"href":"https:\/\/carmistinfoundation.org\/en\/wp-json\/wp\/v2\/comments?post=18524"}],"version-history":[{"count":0,"href":"https:\/\/carmistinfoundation.org\/en\/wp-json\/wp\/v2\/posts\/18524\/revisions"}],"wp:featuredmedia":[{"embeddable":true,"href":"https:\/\/carmistinfoundation.org\/en\/wp-json\/wp\/v2\/media\/18536"}],"wp:attachment":[{"href":"https:\/\/carmistinfoundation.org\/en\/wp-json\/wp\/v2\/media?parent=18524"}],"wp:term":[{"taxonomy":"category","embeddable":true,"href":"https:\/\/carmistinfoundation.org\/en\/wp-json\/wp\/v2\/categories?post=18524"},{"taxonomy":"post_tag","embeddable":true,"href":"https:\/\/carmistinfoundation.org\/en\/wp-json\/wp\/v2\/tags?post=18524"}],"curies":[{"name":"wp","href":"https:\/\/api.w.org\/{rel}","templated":true}]}}