{"id":18603,"date":"2023-04-14T15:55:00","date_gmt":"2023-04-14T12:55:00","guid":{"rendered":"https:\/\/carmistinfoundation.org\/?p=18603"},"modified":"2024-02-14T13:15:26","modified_gmt":"2024-02-14T10:15:26","slug":"carmistin-a-sponsorizat-concurul-national-pe-meserii-organizat-de-ministerul-educatiei-in-judetul-valcea","status":"publish","type":"post","link":"https:\/\/carmistinfoundation.org\/en\/carmistin-a-sponsorizat-concurul-national-pe-meserii-organizat-de-ministerul-educatiei-in-judetul-valcea\/","title":{"rendered":"Carmistin sponsored the National Competition on Trades, organized by the Ministry of Education, in Valcea county"},"content":{"rendered":"<p><strong><mark style=\"background-color:rgba(0, 0, 0, 0);color:#eb0614\" class=\"has-inline-color\"><strong>Press release<\/strong><\/mark><\/strong><\/p>\n\n\n\n<p>Carmistin sponsored this year's edition of the <em>National Trades Competition <\/em>for vocational education, field of Tourism and Food, Valcea county stage, organized at the initiative of the Ministry of Education, with the involvement of the Valcea County School Inspectorate.&nbsp;<\/p>\n\n\n\n<p>The event, which took place from 10 to 14 April 2023, at the C\u0103lim\u0103ne\u0219ti Tourism Technological High School, brought together almost 70 candidates registered for the professional qualifications waiter\/waiter, salesperson in food establishments, respectively cook. During the practical test, which accompanied the written test, Carmistin provided the candidates with food products from its own brand portfolio, <strong><em>La Provincia,<\/em><\/strong> eggs and chicken. <em>We are honoured to be involved in education and training projects by participating in and sponsoring the National Trades Competition, giving future workers in the sector a first contact with high quality products from our food portfolio,<\/em> said Adrian Ionic\u0103, Human Resources Manager at Carmistin Group.&nbsp;<\/p>\n\n\n\n<p>Education projects and, in particular, projects supporting vocational education remain a constant concern for Carmistin, one of the leading Romanian food producers, which is committed to being as actively involved as possible in the training of future professionals in the agri-food sector.&nbsp;<\/p>\n\n\n\n<p><strong>About vocational education<\/strong><\/p>\n\n\n\n<p>Vocational education is an initial training pathway, which is organised for qualifications established by the Ministry of Education, according to the National Register of Qualifications, according to the needs of the labour market, as identified by strategic planning documents for regional, county and local training provision. Vocational education in Romania consists of internships, lasting 720 hours and organised after the completion of the 10th grade of high school or vocational education courses, lasting a minimum of 3 years, organised after the completion of the 8th grade, as part of upper secondary education. The methodology of organisation and conduct and the structure of the aptitude tests for admission to vocational high schools are available on the website of the Ministry of Education - https:\/\/<a href=\"http:\/\/www.edu.ro\">www.edu.ro<\/a>.<\/p>\n\n\n\n<figure class=\"wp-block-gallery has-nested-images columns-default is-cropped wp-block-gallery-1 is-layout-flex wp-block-gallery-is-layout-flex\">\n<figure class=\"wp-block-image size-full\"><a href=\"https:\/\/jurnalul.ro\/stiri\/locale\/carmistin-sponsorizat-concurs-national-meserii-929197.html\"><img fetchpriority=\"high\" decoding=\"async\" width=\"800\" height=\"800\" data-id=\"18607\" src=\"https:\/\/carmistinfoundation.org\/wp-content\/uploads\/2024\/02\/campanie-concursul-national-pe-meserii-jurnalul-media-room-fundatia-carmistin-1.jpg\" alt=\"\" class=\"wp-image-18607\" srcset=\"https:\/\/carmistinfoundation.org\/wp-content\/uploads\/2024\/02\/campanie-concursul-national-pe-meserii-jurnalul-media-room-fundatia-carmistin-1.jpg 800w, https:\/\/carmistinfoundation.org\/wp-content\/uploads\/2024\/02\/campanie-concursul-national-pe-meserii-jurnalul-media-room-fundatia-carmistin-1-300x300.jpg 300w, https:\/\/carmistinfoundation.org\/wp-content\/uploads\/2024\/02\/campanie-concursul-national-pe-meserii-jurnalul-media-room-fundatia-carmistin-1-150x150.jpg 150w, https:\/\/carmistinfoundation.org\/wp-content\/uploads\/2024\/02\/campanie-concursul-national-pe-meserii-jurnalul-media-room-fundatia-carmistin-1-768x768.jpg 768w, https:\/\/carmistinfoundation.org\/wp-content\/uploads\/2024\/02\/campanie-concursul-national-pe-meserii-jurnalul-media-room-fundatia-carmistin-1-600x600.jpg 600w\" sizes=\"(max-width: 800px) 100vw, 800px\" \/><\/a><\/figure>\n\n\n\n<figure class=\"wp-block-image size-full\"><a href=\"https:\/\/www.infofinanciar.ro\/concursul-national-pe-meserii-organizat-de-ministerul-educatiei-in-valcea-sustinut-de-carmistin.html\"><img decoding=\"async\" width=\"800\" height=\"800\" data-id=\"18610\" src=\"https:\/\/carmistinfoundation.org\/wp-content\/uploads\/2024\/02\/campanie-concursul-national-pe-meserii-infofinanciar-media-room-fundatia-carmistin-1.jpg\" alt=\"\" class=\"wp-image-18610\" srcset=\"https:\/\/carmistinfoundation.org\/wp-content\/uploads\/2024\/02\/campanie-concursul-national-pe-meserii-infofinanciar-media-room-fundatia-carmistin-1.jpg 800w, https:\/\/carmistinfoundation.org\/wp-content\/uploads\/2024\/02\/campanie-concursul-national-pe-meserii-infofinanciar-media-room-fundatia-carmistin-1-300x300.jpg 300w, https:\/\/carmistinfoundation.org\/wp-content\/uploads\/2024\/02\/campanie-concursul-national-pe-meserii-infofinanciar-media-room-fundatia-carmistin-1-150x150.jpg 150w, https:\/\/carmistinfoundation.org\/wp-content\/uploads\/2024\/02\/campanie-concursul-national-pe-meserii-infofinanciar-media-room-fundatia-carmistin-1-768x768.jpg 768w, https:\/\/carmistinfoundation.org\/wp-content\/uploads\/2024\/02\/campanie-concursul-national-pe-meserii-infofinanciar-media-room-fundatia-carmistin-1-600x600.jpg 600w\" sizes=\"(max-width: 800px) 100vw, 800px\" \/><\/a><\/figure>\n<\/figure>","protected":false},"excerpt":{"rendered":"<p>Comunicat de pres\u0103 Carmistin a sponsorizat edi\u021bia din acest an a Concursului Na\u021bional pe Meserii pentru \u00eenv\u0103\u021b\u0103m\u00e2ntul profesional, domeniul Turism \u0219i Alimenta\u021bie, etapa jude\u021bean\u0103 V\u00e2lcea, organizat\u0103 la ini\u021biativa Ministerului Educa\u021biei, prin implicarea Inspectoratului \u0218colar Jude\u021bean V\u00e2lcea.&nbsp; Evenimentul, desf\u0103\u0219urat \u00een perioada 10 \u2013 14 aprilie 2023, la Liceul Tehnologic de Turism C\u0103lim\u0103ne\u0219ti, a reunit aproape 70 [&hellip;]<\/p>","protected":false},"author":1,"featured_media":18497,"comment_status":"open","ping_status":"closed","sticky":false,"template":"","format":"standard","meta":{"_acf_changed":false,"_monsterinsights_skip_tracking":false,"_monsterinsights_sitenote_active":false,"_monsterinsights_sitenote_note":"","_monsterinsights_sitenote_category":0,"footnotes":""},"categories":[313],"tags":[],"class_list":["post-18603","post","type-post","status-publish","format-standard","has-post-thumbnail","hentry","category-media-room","entry"],"acf":[],"yoast_head":"<!-- This site is optimized with the Yoast SEO plugin v26.0 - https:\/\/yoast.com\/wordpress\/plugins\/seo\/ -->\n<title>Carmistin a sponsorizat Concurul Na\u021bional pe Meserii, organizat de Ministerul Educa\u021biei, \u00een jude\u021bul V\u00e2lcea - Funda\u021bia Carmistin<\/title>\n<meta name=\"description\" content=\"Carmistin a sponsorizat edi\u021bia din acest an a Concursului Na\u021bional pe Meserii pentru \u00eenv\u0103\u021b\u0103m\u00e2ntul profesional, domeniul Turism \u0219i Alimenta\u021bie\" \/>\n<meta name=\"robots\" content=\"index, follow, max-snippet:-1, max-image-preview:large, max-video-preview:-1\" \/>\n<link rel=\"canonical\" href=\"https:\/\/carmistinfoundation.org\/en\/carmistin-a-sponsorizat-concurul-national-pe-meserii-organizat-de-ministerul-educatiei-in-judetul-valcea\/\" \/>\n<meta property=\"og:locale\" content=\"en_US\" \/>\n<meta property=\"og:type\" content=\"article\" \/>\n<meta property=\"og:title\" content=\"Carmistin a sponsorizat Concurul Na\u021bional pe Meserii, organizat de Ministerul Educa\u021biei, \u00een jude\u021bul V\u00e2lcea - Funda\u021bia Carmistin\" \/>\n<meta property=\"og:description\" content=\"Carmistin a sponsorizat edi\u021bia din acest an a Concursului Na\u021bional pe Meserii pentru \u00eenv\u0103\u021b\u0103m\u00e2ntul profesional, domeniul Turism \u0219i Alimenta\u021bie\" \/>\n<meta property=\"og:url\" content=\"https:\/\/carmistinfoundation.org\/en\/carmistin-a-sponsorizat-concurul-national-pe-meserii-organizat-de-ministerul-educatiei-in-judetul-valcea\/\" \/>\n<meta property=\"og:site_name\" content=\"Funda\u021bia Carmistin\" \/>\n<meta property=\"article:published_time\" content=\"2023-04-14T12:55:00+00:00\" \/>\n<meta property=\"article:modified_time\" content=\"2024-02-14T10:15:26+00:00\" \/>\n<meta property=\"og:image\" content=\"https:\/\/carmistinfoundation.org\/wp-content\/uploads\/2024\/02\/concursul-national-pe-meserii-carmistin-foundation-02.jpg\" \/>\n\t<meta property=\"og:image:width\" content=\"806\" \/>\n\t<meta property=\"og:image:height\" content=\"576\" \/>\n\t<meta property=\"og:image:type\" content=\"image\/jpeg\" \/>\n<meta name=\"author\" content=\"krmadmin\" \/>\n<meta name=\"twitter:card\" content=\"summary_large_image\" \/>\n<meta name=\"twitter:label1\" content=\"Written by\" \/>\n\t<meta name=\"twitter:data1\" content=\"krmadmin\" \/>\n\t<meta name=\"twitter:label2\" content=\"Est. reading time\" \/>\n\t<meta name=\"twitter:data2\" content=\"2 minutes\" \/>\n<script type=\"application\/ld+json\" class=\"yoast-schema-graph\">{\"@context\":\"https:\/\/schema.org\",\"@graph\":[{\"@type\":\"Article\",\"@id\":\"https:\/\/carmistinfoundation.org\/carmistin-a-sponsorizat-concurul-national-pe-meserii-organizat-de-ministerul-educatiei-in-judetul-valcea\/#article\",\"isPartOf\":{\"@id\":\"https:\/\/carmistinfoundation.org\/carmistin-a-sponsorizat-concurul-national-pe-meserii-organizat-de-ministerul-educatiei-in-judetul-valcea\/\"},\"author\":{\"name\":\"krmadmin\",\"@id\":\"https:\/\/carmistinfoundation.org\/#\/schema\/person\/b671ada89585f8fceee36e5a27e5298c\"},\"headline\":\"Carmistin a sponsorizat Concurul Na\u021bional pe Meserii, organizat de Ministerul Educa\u021biei, \u00een jude\u021bul V\u00e2lcea\",\"datePublished\":\"2023-04-14T12:55:00+00:00\",\"dateModified\":\"2024-02-14T10:15:26+00:00\",\"mainEntityOfPage\":{\"@id\":\"https:\/\/carmistinfoundation.org\/carmistin-a-sponsorizat-concurul-national-pe-meserii-organizat-de-ministerul-educatiei-in-judetul-valcea\/\"},\"wordCount\":397,\"commentCount\":0,\"publisher\":{\"@id\":\"https:\/\/carmistinfoundation.org\/#organization\"},\"image\":{\"@id\":\"https:\/\/carmistinfoundation.org\/carmistin-a-sponsorizat-concurul-national-pe-meserii-organizat-de-ministerul-educatiei-in-judetul-valcea\/#primaryimage\"},\"thumbnailUrl\":\"https:\/\/carmistinfoundation.org\/wp-content\/uploads\/2024\/02\/concursul-national-pe-meserii-carmistin-foundation-02.jpg\",\"articleSection\":[\"Media room\"],\"inLanguage\":\"en-US\",\"potentialAction\":[{\"@type\":\"CommentAction\",\"name\":\"Comment\",\"target\":[\"https:\/\/carmistinfoundation.org\/carmistin-a-sponsorizat-concurul-national-pe-meserii-organizat-de-ministerul-educatiei-in-judetul-valcea\/#respond\"]}]},{\"@type\":\"WebPage\",\"@id\":\"https:\/\/carmistinfoundation.org\/carmistin-a-sponsorizat-concurul-national-pe-meserii-organizat-de-ministerul-educatiei-in-judetul-valcea\/\",\"url\":\"https:\/\/carmistinfoundation.org\/carmistin-a-sponsorizat-concurul-national-pe-meserii-organizat-de-ministerul-educatiei-in-judetul-valcea\/\",\"name\":\"Carmistin a sponsorizat Concurul Na\u021bional pe Meserii, organizat de Ministerul Educa\u021biei, \u00een jude\u021bul V\u00e2lcea - Funda\u021bia Carmistin\",\"isPartOf\":{\"@id\":\"https:\/\/carmistinfoundation.org\/#website\"},\"primaryImageOfPage\":{\"@id\":\"https:\/\/carmistinfoundation.org\/carmistin-a-sponsorizat-concurul-national-pe-meserii-organizat-de-ministerul-educatiei-in-judetul-valcea\/#primaryimage\"},\"image\":{\"@id\":\"https:\/\/carmistinfoundation.org\/carmistin-a-sponsorizat-concurul-national-pe-meserii-organizat-de-ministerul-educatiei-in-judetul-valcea\/#primaryimage\"},\"thumbnailUrl\":\"https:\/\/carmistinfoundation.org\/wp-content\/uploads\/2024\/02\/concursul-national-pe-meserii-carmistin-foundation-02.jpg\",\"datePublished\":\"2023-04-14T12:55:00+00:00\",\"dateModified\":\"2024-02-14T10:15:26+00:00\",\"description\":\"Carmistin a sponsorizat edi\u021bia din acest an a Concursului Na\u021bional pe Meserii pentru \u00eenv\u0103\u021b\u0103m\u00e2ntul profesional, domeniul Turism \u0219i Alimenta\u021bie\",\"inLanguage\":\"en-US\",\"potentialAction\":[{\"@type\":\"ReadAction\",\"target\":[\"https:\/\/carmistinfoundation.org\/carmistin-a-sponsorizat-concurul-national-pe-meserii-organizat-de-ministerul-educatiei-in-judetul-valcea\/\"]}]},{\"@type\":\"ImageObject\",\"inLanguage\":\"en-US\",\"@id\":\"https:\/\/carmistinfoundation.org\/carmistin-a-sponsorizat-concurul-national-pe-meserii-organizat-de-ministerul-educatiei-in-judetul-valcea\/#primaryimage\",\"url\":\"https:\/\/carmistinfoundation.org\/wp-content\/uploads\/2024\/02\/concursul-national-pe-meserii-carmistin-foundation-02.jpg\",\"contentUrl\":\"https:\/\/carmistinfoundation.org\/wp-content\/uploads\/2024\/02\/concursul-national-pe-meserii-carmistin-foundation-02.jpg\",\"width\":806,\"height\":576,\"caption\":\"concursul national pe meserii carmistin foundation\"},{\"@type\":\"WebSite\",\"@id\":\"https:\/\/carmistinfoundation.org\/#website\",\"url\":\"https:\/\/carmistinfoundation.org\/\",\"name\":\"Funda\u021bia Carmistin\",\"description\":\"\",\"publisher\":{\"@id\":\"https:\/\/carmistinfoundation.org\/#organization\"},\"potentialAction\":[{\"@type\":\"SearchAction\",\"target\":{\"@type\":\"EntryPoint\",\"urlTemplate\":\"https:\/\/carmistinfoundation.org\/?s={search_term_string}\"},\"query-input\":{\"@type\":\"PropertyValueSpecification\",\"valueRequired\":true,\"valueName\":\"search_term_string\"}}],\"inLanguage\":\"en-US\"},{\"@type\":\"Organization\",\"@id\":\"https:\/\/carmistinfoundation.org\/#organization\",\"name\":\"Funda\u021bia Carmistin\",\"url\":\"https:\/\/carmistinfoundation.org\/\",\"logo\":{\"@type\":\"ImageObject\",\"inLanguage\":\"en-US\",\"@id\":\"https:\/\/carmistinfoundation.org\/#\/schema\/logo\/image\/\",\"url\":\"https:\/\/carmistinfoundation.org\/wp-content\/uploads\/2020\/08\/logo-fundatia-carmistin_C_ALB.png\",\"contentUrl\":\"https:\/\/carmistinfoundation.org\/wp-content\/uploads\/2020\/08\/logo-fundatia-carmistin_C_ALB.png\",\"width\":2275,\"height\":2275,\"caption\":\"Funda\u021bia Carmistin\"},\"image\":{\"@id\":\"https:\/\/carmistinfoundation.org\/#\/schema\/logo\/image\/\"}},{\"@type\":\"Person\",\"@id\":\"https:\/\/carmistinfoundation.org\/#\/schema\/person\/b671ada89585f8fceee36e5a27e5298c\",\"name\":\"krmadmin\",\"image\":{\"@type\":\"ImageObject\",\"inLanguage\":\"en-US\",\"@id\":\"https:\/\/carmistinfoundation.org\/#\/schema\/person\/image\/\",\"url\":\"https:\/\/secure.gravatar.com\/avatar\/bbf325882b4218c94253349392a49358231982eedb2321f1d33835ff40f65fc1?s=96&d=mm&r=g\",\"contentUrl\":\"https:\/\/secure.gravatar.com\/avatar\/bbf325882b4218c94253349392a49358231982eedb2321f1d33835ff40f65fc1?s=96&d=mm&r=g\",\"caption\":\"krmadmin\"},\"sameAs\":[\"https:\/\/carmistinfoundation.org\"],\"url\":\"https:\/\/carmistinfoundation.org\/en\/author\/krmadmin\/\"}]}<\/script>\n<!-- \/ Yoast SEO plugin. -->","yoast_head_json":{"title":"Carmistin a sponsorizat Concurul Na\u021bional pe Meserii, organizat de Ministerul Educa\u021biei, \u00een jude\u021bul V\u00e2lcea - Funda\u021bia Carmistin","description":"Carmistin a sponsorizat edi\u021bia din acest an a Concursului Na\u021bional pe Meserii pentru \u00eenv\u0103\u021b\u0103m\u00e2ntul profesional, domeniul Turism \u0219i Alimenta\u021bie","robots":{"index":"index","follow":"follow","max-snippet":"max-snippet:-1","max-image-preview":"max-image-preview:large","max-video-preview":"max-video-preview:-1"},"canonical":"https:\/\/carmistinfoundation.org\/en\/carmistin-a-sponsorizat-concurul-national-pe-meserii-organizat-de-ministerul-educatiei-in-judetul-valcea\/","og_locale":"en_US","og_type":"article","og_title":"Carmistin a sponsorizat Concurul Na\u021bional pe Meserii, organizat de Ministerul Educa\u021biei, \u00een jude\u021bul V\u00e2lcea - Funda\u021bia Carmistin","og_description":"Carmistin a sponsorizat edi\u021bia din acest an a Concursului Na\u021bional pe Meserii pentru \u00eenv\u0103\u021b\u0103m\u00e2ntul profesional, domeniul Turism \u0219i Alimenta\u021bie","og_url":"https:\/\/carmistinfoundation.org\/en\/carmistin-a-sponsorizat-concurul-national-pe-meserii-organizat-de-ministerul-educatiei-in-judetul-valcea\/","og_site_name":"Funda\u021bia Carmistin","article_published_time":"2023-04-14T12:55:00+00:00","article_modified_time":"2024-02-14T10:15:26+00:00","og_image":[{"width":806,"height":576,"url":"https:\/\/carmistinfoundation.org\/wp-content\/uploads\/2024\/02\/concursul-national-pe-meserii-carmistin-foundation-02.jpg","type":"image\/jpeg"}],"author":"krmadmin","twitter_card":"summary_large_image","twitter_misc":{"Written by":"krmadmin","Est. reading time":"2 minutes"},"schema":{"@context":"https:\/\/schema.org","@graph":[{"@type":"Article","@id":"https:\/\/carmistinfoundation.org\/carmistin-a-sponsorizat-concurul-national-pe-meserii-organizat-de-ministerul-educatiei-in-judetul-valcea\/#article","isPartOf":{"@id":"https:\/\/carmistinfoundation.org\/carmistin-a-sponsorizat-concurul-national-pe-meserii-organizat-de-ministerul-educatiei-in-judetul-valcea\/"},"author":{"name":"krmadmin","@id":"https:\/\/carmistinfoundation.org\/#\/schema\/person\/b671ada89585f8fceee36e5a27e5298c"},"headline":"Carmistin a sponsorizat Concurul Na\u021bional pe Meserii, organizat de Ministerul Educa\u021biei, \u00een jude\u021bul V\u00e2lcea","datePublished":"2023-04-14T12:55:00+00:00","dateModified":"2024-02-14T10:15:26+00:00","mainEntityOfPage":{"@id":"https:\/\/carmistinfoundation.org\/carmistin-a-sponsorizat-concurul-national-pe-meserii-organizat-de-ministerul-educatiei-in-judetul-valcea\/"},"wordCount":397,"commentCount":0,"publisher":{"@id":"https:\/\/carmistinfoundation.org\/#organization"},"image":{"@id":"https:\/\/carmistinfoundation.org\/carmistin-a-sponsorizat-concurul-national-pe-meserii-organizat-de-ministerul-educatiei-in-judetul-valcea\/#primaryimage"},"thumbnailUrl":"https:\/\/carmistinfoundation.org\/wp-content\/uploads\/2024\/02\/concursul-national-pe-meserii-carmistin-foundation-02.jpg","articleSection":["Media room"],"inLanguage":"en-US","potentialAction":[{"@type":"CommentAction","name":"Comment","target":["https:\/\/carmistinfoundation.org\/carmistin-a-sponsorizat-concurul-national-pe-meserii-organizat-de-ministerul-educatiei-in-judetul-valcea\/#respond"]}]},{"@type":"WebPage","@id":"https:\/\/carmistinfoundation.org\/carmistin-a-sponsorizat-concurul-national-pe-meserii-organizat-de-ministerul-educatiei-in-judetul-valcea\/","url":"https:\/\/carmistinfoundation.org\/carmistin-a-sponsorizat-concurul-national-pe-meserii-organizat-de-ministerul-educatiei-in-judetul-valcea\/","name":"Carmistin a sponsorizat Concurul Na\u021bional pe Meserii, organizat de Ministerul Educa\u021biei, \u00een jude\u021bul V\u00e2lcea - Funda\u021bia Carmistin","isPartOf":{"@id":"https:\/\/carmistinfoundation.org\/#website"},"primaryImageOfPage":{"@id":"https:\/\/carmistinfoundation.org\/carmistin-a-sponsorizat-concurul-national-pe-meserii-organizat-de-ministerul-educatiei-in-judetul-valcea\/#primaryimage"},"image":{"@id":"https:\/\/carmistinfoundation.org\/carmistin-a-sponsorizat-concurul-national-pe-meserii-organizat-de-ministerul-educatiei-in-judetul-valcea\/#primaryimage"},"thumbnailUrl":"https:\/\/carmistinfoundation.org\/wp-content\/uploads\/2024\/02\/concursul-national-pe-meserii-carmistin-foundation-02.jpg","datePublished":"2023-04-14T12:55:00+00:00","dateModified":"2024-02-14T10:15:26+00:00","description":"Carmistin a sponsorizat edi\u021bia din acest an a Concursului Na\u021bional pe Meserii pentru \u00eenv\u0103\u021b\u0103m\u00e2ntul profesional, domeniul Turism \u0219i Alimenta\u021bie","inLanguage":"en-US","potentialAction":[{"@type":"ReadAction","target":["https:\/\/carmistinfoundation.org\/carmistin-a-sponsorizat-concurul-national-pe-meserii-organizat-de-ministerul-educatiei-in-judetul-valcea\/"]}]},{"@type":"ImageObject","inLanguage":"en-US","@id":"https:\/\/carmistinfoundation.org\/carmistin-a-sponsorizat-concurul-national-pe-meserii-organizat-de-ministerul-educatiei-in-judetul-valcea\/#primaryimage","url":"https:\/\/carmistinfoundation.org\/wp-content\/uploads\/2024\/02\/concursul-national-pe-meserii-carmistin-foundation-02.jpg","contentUrl":"https:\/\/carmistinfoundation.org\/wp-content\/uploads\/2024\/02\/concursul-national-pe-meserii-carmistin-foundation-02.jpg","width":806,"height":576,"caption":"concursul national pe meserii carmistin foundation"},{"@type":"WebSite","@id":"https:\/\/carmistinfoundation.org\/#website","url":"https:\/\/carmistinfoundation.org\/","name":"Carmistin Foundation","description":"","publisher":{"@id":"https:\/\/carmistinfoundation.org\/#organization"},"potentialAction":[{"@type":"SearchAction","target":{"@type":"EntryPoint","urlTemplate":"https:\/\/carmistinfoundation.org\/?s={search_term_string}"},"query-input":{"@type":"PropertyValueSpecification","valueRequired":true,"valueName":"search_term_string"}}],"inLanguage":"en-US"},{"@type":"Organization","@id":"https:\/\/carmistinfoundation.org\/#organization","name":"Carmistin Foundation","url":"https:\/\/carmistinfoundation.org\/","logo":{"@type":"ImageObject","inLanguage":"en-US","@id":"https:\/\/carmistinfoundation.org\/#\/schema\/logo\/image\/","url":"https:\/\/carmistinfoundation.org\/wp-content\/uploads\/2020\/08\/logo-fundatia-carmistin_C_ALB.png","contentUrl":"https:\/\/carmistinfoundation.org\/wp-content\/uploads\/2020\/08\/logo-fundatia-carmistin_C_ALB.png","width":2275,"height":2275,"caption":"Funda\u021bia Carmistin"},"image":{"@id":"https:\/\/carmistinfoundation.org\/#\/schema\/logo\/image\/"}},{"@type":"Person","@id":"https:\/\/carmistinfoundation.org\/#\/schema\/person\/b671ada89585f8fceee36e5a27e5298c","name":"krmadmin","image":{"@type":"ImageObject","inLanguage":"en-US","@id":"https:\/\/carmistinfoundation.org\/#\/schema\/person\/image\/","url":"https:\/\/secure.gravatar.com\/avatar\/bbf325882b4218c94253349392a49358231982eedb2321f1d33835ff40f65fc1?s=96&d=mm&r=g","contentUrl":"https:\/\/secure.gravatar.com\/avatar\/bbf325882b4218c94253349392a49358231982eedb2321f1d33835ff40f65fc1?s=96&d=mm&r=g","caption":"krmadmin"},"sameAs":["https:\/\/carmistinfoundation.org"],"url":"https:\/\/carmistinfoundation.org\/en\/author\/krmadmin\/"}]}},"_links":{"self":[{"href":"https:\/\/carmistinfoundation.org\/en\/wp-json\/wp\/v2\/posts\/18603","targetHints":{"allow":["GET"]}}],"collection":[{"href":"https:\/\/carmistinfoundation.org\/en\/wp-json\/wp\/v2\/posts"}],"about":[{"href":"https:\/\/carmistinfoundation.org\/en\/wp-json\/wp\/v2\/types\/post"}],"author":[{"embeddable":true,"href":"https:\/\/carmistinfoundation.org\/en\/wp-json\/wp\/v2\/users\/1"}],"replies":[{"embeddable":true,"href":"https:\/\/carmistinfoundation.org\/en\/wp-json\/wp\/v2\/comments?post=18603"}],"version-history":[{"count":0,"href":"https:\/\/carmistinfoundation.org\/en\/wp-json\/wp\/v2\/posts\/18603\/revisions"}],"wp:featuredmedia":[{"embeddable":true,"href":"https:\/\/carmistinfoundation.org\/en\/wp-json\/wp\/v2\/media\/18497"}],"wp:attachment":[{"href":"https:\/\/carmistinfoundation.org\/en\/wp-json\/wp\/v2\/media?parent=18603"}],"wp:term":[{"taxonomy":"category","embeddable":true,"href":"https:\/\/carmistinfoundation.org\/en\/wp-json\/wp\/v2\/categories?post=18603"},{"taxonomy":"post_tag","embeddable":true,"href":"https:\/\/carmistinfoundation.org\/en\/wp-json\/wp\/v2\/tags?post=18603"}],"curies":[{"name":"wp","href":"https:\/\/api.w.org\/{rel}","templated":true}]}}