{"id":18639,"date":"2023-05-15T18:03:00","date_gmt":"2023-05-15T15:03:00","guid":{"rendered":"https:\/\/carmistinfoundation.org\/?p=18639"},"modified":"2024-02-14T12:39:34","modified_gmt":"2024-02-14T09:39:34","slug":"impreuna-pentru-alexandru","status":"publish","type":"post","link":"https:\/\/carmistinfoundation.org\/en\/impreuna-pentru-alexandru\/","title":{"rendered":"Together for Alexandru"},"content":{"rendered":"<p>When he was 7 years old, Alexandru was diagnosed with a disease affecting his upper and lower limbs. Since then, he has underone no less than 25 surgeries, both in Romania and abroad. Though enormous pain and suffering, financial efforts, support from his family and the community, but above all, his inner strength, the young man was able to ambitiously pursue his studies. Alexander's most recent medical intervention was made possible through our involvement and the Erga Omnes Foundation, with the costs fully covered. \"We are deeply grateful to you and we thank you for the good you bring to people's lives\", Alexandru and his mother, M\u0103rioara, told us.<\/p>","protected":false},"excerpt":{"rendered":"<p>Alexandru a \u00eenfruntat, \u00eenc\u0103 de la o v\u00e2rst\u0103 fraged\u0103, cu foarte mult curaj, o maladie care i-a afectat membrele superioare \u0219i inferioare. De la 7 ani, a suferit nu mai pu\u021bin de 25 de interven\u021bii chirurgicale. Prin eforturi medicale uria\u0219e, realizate at\u00e2t \u00een \u00een \u021bar\u0103, c\u00e2t \u0219i \u00een str\u0103in\u0103tate, prin sprijin financiar oferit de oameni [&hellip;]<\/p>","protected":false},"author":1,"featured_media":18640,"comment_status":"open","ping_status":"closed","sticky":false,"template":"","format":"standard","meta":{"_acf_changed":false,"_monsterinsights_skip_tracking":false,"_monsterinsights_sitenote_active":false,"_monsterinsights_sitenote_note":"","_monsterinsights_sitenote_category":0,"footnotes":""},"categories":[310],"tags":[],"class_list":["post-18639","post","type-post","status-publish","format-standard","has-post-thumbnail","hentry","category-sanatate-si-familie","entry"],"acf":[],"yoast_head":"<!-- This site is optimized with the Yoast SEO plugin v26.0 - https:\/\/yoast.com\/wordpress\/plugins\/seo\/ -->\n<title>\u00cempreun\u0103 pentru Alexandru - Funda\u021bia Carmistin<\/title>\n<meta name=\"description\" content=\"Alexandru a \u00eenfruntat, \u00eenc\u0103 de la o v\u00e2rst\u0103 fraged\u0103, cu foarte mult curaj, o maladie care i-a afectat membrele superioare \u0219i inferioare.\" \/>\n<meta name=\"robots\" content=\"index, follow, max-snippet:-1, max-image-preview:large, max-video-preview:-1\" \/>\n<link rel=\"canonical\" href=\"https:\/\/carmistinfoundation.org\/en\/impreuna-pentru-alexandru\/\" \/>\n<meta property=\"og:locale\" content=\"en_US\" \/>\n<meta property=\"og:type\" content=\"article\" \/>\n<meta property=\"og:title\" content=\"\u00cempreun\u0103 pentru Alexandru - Funda\u021bia Carmistin\" \/>\n<meta property=\"og:description\" content=\"Alexandru a \u00eenfruntat, \u00eenc\u0103 de la o v\u00e2rst\u0103 fraged\u0103, cu foarte mult curaj, o maladie care i-a afectat membrele superioare \u0219i inferioare.\" \/>\n<meta property=\"og:url\" content=\"https:\/\/carmistinfoundation.org\/en\/impreuna-pentru-alexandru\/\" \/>\n<meta property=\"og:site_name\" content=\"Funda\u021bia Carmistin\" \/>\n<meta property=\"article:published_time\" content=\"2023-05-15T15:03:00+00:00\" \/>\n<meta property=\"article:modified_time\" content=\"2024-02-14T09:39:34+00:00\" \/>\n<meta property=\"og:image\" content=\"https:\/\/carmistinfoundation.org\/wp-content\/uploads\/2024\/02\/impreuna-pentru-alexandru-carmistin-foundation.jpeg\" \/>\n\t<meta property=\"og:image:width\" content=\"1292\" \/>\n\t<meta property=\"og:image:height\" content=\"1075\" \/>\n\t<meta property=\"og:image:type\" content=\"image\/jpeg\" \/>\n<meta name=\"author\" content=\"krmadmin\" \/>\n<meta name=\"twitter:card\" content=\"summary_large_image\" \/>\n<meta name=\"twitter:label1\" content=\"Written by\" \/>\n\t<meta name=\"twitter:data1\" content=\"krmadmin\" \/>\n\t<meta name=\"twitter:label2\" content=\"Est. reading time\" \/>\n\t<meta name=\"twitter:data2\" content=\"1 minute\" \/>\n<script type=\"application\/ld+json\" class=\"yoast-schema-graph\">{\"@context\":\"https:\/\/schema.org\",\"@graph\":[{\"@type\":\"Article\",\"@id\":\"https:\/\/carmistinfoundation.org\/impreuna-pentru-alexandru\/#article\",\"isPartOf\":{\"@id\":\"https:\/\/carmistinfoundation.org\/impreuna-pentru-alexandru\/\"},\"author\":{\"name\":\"krmadmin\",\"@id\":\"https:\/\/carmistinfoundation.org\/#\/schema\/person\/b671ada89585f8fceee36e5a27e5298c\"},\"headline\":\"\u00cempreun\u0103 pentru Alexandru\",\"datePublished\":\"2023-05-15T15:03:00+00:00\",\"dateModified\":\"2024-02-14T09:39:34+00:00\",\"mainEntityOfPage\":{\"@id\":\"https:\/\/carmistinfoundation.org\/impreuna-pentru-alexandru\/\"},\"wordCount\":143,\"commentCount\":0,\"publisher\":{\"@id\":\"https:\/\/carmistinfoundation.org\/#organization\"},\"image\":{\"@id\":\"https:\/\/carmistinfoundation.org\/impreuna-pentru-alexandru\/#primaryimage\"},\"thumbnailUrl\":\"https:\/\/carmistinfoundation.org\/wp-content\/uploads\/2024\/02\/impreuna-pentru-alexandru-carmistin-foundation.jpeg\",\"articleSection\":[\"S\u0103n\u0103tate \u015fi Familie\"],\"inLanguage\":\"en-US\",\"potentialAction\":[{\"@type\":\"CommentAction\",\"name\":\"Comment\",\"target\":[\"https:\/\/carmistinfoundation.org\/impreuna-pentru-alexandru\/#respond\"]}]},{\"@type\":\"WebPage\",\"@id\":\"https:\/\/carmistinfoundation.org\/impreuna-pentru-alexandru\/\",\"url\":\"https:\/\/carmistinfoundation.org\/impreuna-pentru-alexandru\/\",\"name\":\"\u00cempreun\u0103 pentru Alexandru - Funda\u021bia Carmistin\",\"isPartOf\":{\"@id\":\"https:\/\/carmistinfoundation.org\/#website\"},\"primaryImageOfPage\":{\"@id\":\"https:\/\/carmistinfoundation.org\/impreuna-pentru-alexandru\/#primaryimage\"},\"image\":{\"@id\":\"https:\/\/carmistinfoundation.org\/impreuna-pentru-alexandru\/#primaryimage\"},\"thumbnailUrl\":\"https:\/\/carmistinfoundation.org\/wp-content\/uploads\/2024\/02\/impreuna-pentru-alexandru-carmistin-foundation.jpeg\",\"datePublished\":\"2023-05-15T15:03:00+00:00\",\"dateModified\":\"2024-02-14T09:39:34+00:00\",\"description\":\"Alexandru a \u00eenfruntat, \u00eenc\u0103 de la o v\u00e2rst\u0103 fraged\u0103, cu foarte mult curaj, o maladie care i-a afectat membrele superioare \u0219i inferioare.\",\"inLanguage\":\"en-US\",\"potentialAction\":[{\"@type\":\"ReadAction\",\"target\":[\"https:\/\/carmistinfoundation.org\/impreuna-pentru-alexandru\/\"]}]},{\"@type\":\"ImageObject\",\"inLanguage\":\"en-US\",\"@id\":\"https:\/\/carmistinfoundation.org\/impreuna-pentru-alexandru\/#primaryimage\",\"url\":\"https:\/\/carmistinfoundation.org\/wp-content\/uploads\/2024\/02\/impreuna-pentru-alexandru-carmistin-foundation.jpeg\",\"contentUrl\":\"https:\/\/carmistinfoundation.org\/wp-content\/uploads\/2024\/02\/impreuna-pentru-alexandru-carmistin-foundation.jpeg\",\"width\":1292,\"height\":1075,\"caption\":\"impreuna pentru alexandru carmistin foundation\"},{\"@type\":\"WebSite\",\"@id\":\"https:\/\/carmistinfoundation.org\/#website\",\"url\":\"https:\/\/carmistinfoundation.org\/\",\"name\":\"Funda\u021bia Carmistin\",\"description\":\"\",\"publisher\":{\"@id\":\"https:\/\/carmistinfoundation.org\/#organization\"},\"potentialAction\":[{\"@type\":\"SearchAction\",\"target\":{\"@type\":\"EntryPoint\",\"urlTemplate\":\"https:\/\/carmistinfoundation.org\/?s={search_term_string}\"},\"query-input\":{\"@type\":\"PropertyValueSpecification\",\"valueRequired\":true,\"valueName\":\"search_term_string\"}}],\"inLanguage\":\"en-US\"},{\"@type\":\"Organization\",\"@id\":\"https:\/\/carmistinfoundation.org\/#organization\",\"name\":\"Funda\u021bia Carmistin\",\"url\":\"https:\/\/carmistinfoundation.org\/\",\"logo\":{\"@type\":\"ImageObject\",\"inLanguage\":\"en-US\",\"@id\":\"https:\/\/carmistinfoundation.org\/#\/schema\/logo\/image\/\",\"url\":\"https:\/\/carmistinfoundation.org\/wp-content\/uploads\/2020\/08\/logo-fundatia-carmistin_C_ALB.png\",\"contentUrl\":\"https:\/\/carmistinfoundation.org\/wp-content\/uploads\/2020\/08\/logo-fundatia-carmistin_C_ALB.png\",\"width\":2275,\"height\":2275,\"caption\":\"Funda\u021bia Carmistin\"},\"image\":{\"@id\":\"https:\/\/carmistinfoundation.org\/#\/schema\/logo\/image\/\"}},{\"@type\":\"Person\",\"@id\":\"https:\/\/carmistinfoundation.org\/#\/schema\/person\/b671ada89585f8fceee36e5a27e5298c\",\"name\":\"krmadmin\",\"image\":{\"@type\":\"ImageObject\",\"inLanguage\":\"en-US\",\"@id\":\"https:\/\/carmistinfoundation.org\/#\/schema\/person\/image\/\",\"url\":\"https:\/\/secure.gravatar.com\/avatar\/bbf325882b4218c94253349392a49358231982eedb2321f1d33835ff40f65fc1?s=96&d=mm&r=g\",\"contentUrl\":\"https:\/\/secure.gravatar.com\/avatar\/bbf325882b4218c94253349392a49358231982eedb2321f1d33835ff40f65fc1?s=96&d=mm&r=g\",\"caption\":\"krmadmin\"},\"sameAs\":[\"https:\/\/carmistinfoundation.org\"],\"url\":\"https:\/\/carmistinfoundation.org\/en\/author\/krmadmin\/\"}]}<\/script>\n<!-- \/ Yoast SEO plugin. -->","yoast_head_json":{"title":"\u00cempreun\u0103 pentru Alexandru - Funda\u021bia Carmistin","description":"Alexandru a \u00eenfruntat, \u00eenc\u0103 de la o v\u00e2rst\u0103 fraged\u0103, cu foarte mult curaj, o maladie care i-a afectat membrele superioare \u0219i inferioare.","robots":{"index":"index","follow":"follow","max-snippet":"max-snippet:-1","max-image-preview":"max-image-preview:large","max-video-preview":"max-video-preview:-1"},"canonical":"https:\/\/carmistinfoundation.org\/en\/impreuna-pentru-alexandru\/","og_locale":"en_US","og_type":"article","og_title":"\u00cempreun\u0103 pentru Alexandru - Funda\u021bia Carmistin","og_description":"Alexandru a \u00eenfruntat, \u00eenc\u0103 de la o v\u00e2rst\u0103 fraged\u0103, cu foarte mult curaj, o maladie care i-a afectat membrele superioare \u0219i inferioare.","og_url":"https:\/\/carmistinfoundation.org\/en\/impreuna-pentru-alexandru\/","og_site_name":"Funda\u021bia Carmistin","article_published_time":"2023-05-15T15:03:00+00:00","article_modified_time":"2024-02-14T09:39:34+00:00","og_image":[{"width":1292,"height":1075,"url":"https:\/\/carmistinfoundation.org\/wp-content\/uploads\/2024\/02\/impreuna-pentru-alexandru-carmistin-foundation.jpeg","type":"image\/jpeg"}],"author":"krmadmin","twitter_card":"summary_large_image","twitter_misc":{"Written by":"krmadmin","Est. reading time":"1 minute"},"schema":{"@context":"https:\/\/schema.org","@graph":[{"@type":"Article","@id":"https:\/\/carmistinfoundation.org\/impreuna-pentru-alexandru\/#article","isPartOf":{"@id":"https:\/\/carmistinfoundation.org\/impreuna-pentru-alexandru\/"},"author":{"name":"krmadmin","@id":"https:\/\/carmistinfoundation.org\/#\/schema\/person\/b671ada89585f8fceee36e5a27e5298c"},"headline":"\u00cempreun\u0103 pentru Alexandru","datePublished":"2023-05-15T15:03:00+00:00","dateModified":"2024-02-14T09:39:34+00:00","mainEntityOfPage":{"@id":"https:\/\/carmistinfoundation.org\/impreuna-pentru-alexandru\/"},"wordCount":143,"commentCount":0,"publisher":{"@id":"https:\/\/carmistinfoundation.org\/#organization"},"image":{"@id":"https:\/\/carmistinfoundation.org\/impreuna-pentru-alexandru\/#primaryimage"},"thumbnailUrl":"https:\/\/carmistinfoundation.org\/wp-content\/uploads\/2024\/02\/impreuna-pentru-alexandru-carmistin-foundation.jpeg","articleSection":["S\u0103n\u0103tate \u015fi Familie"],"inLanguage":"en-US","potentialAction":[{"@type":"CommentAction","name":"Comment","target":["https:\/\/carmistinfoundation.org\/impreuna-pentru-alexandru\/#respond"]}]},{"@type":"WebPage","@id":"https:\/\/carmistinfoundation.org\/impreuna-pentru-alexandru\/","url":"https:\/\/carmistinfoundation.org\/impreuna-pentru-alexandru\/","name":"\u00cempreun\u0103 pentru Alexandru - Funda\u021bia Carmistin","isPartOf":{"@id":"https:\/\/carmistinfoundation.org\/#website"},"primaryImageOfPage":{"@id":"https:\/\/carmistinfoundation.org\/impreuna-pentru-alexandru\/#primaryimage"},"image":{"@id":"https:\/\/carmistinfoundation.org\/impreuna-pentru-alexandru\/#primaryimage"},"thumbnailUrl":"https:\/\/carmistinfoundation.org\/wp-content\/uploads\/2024\/02\/impreuna-pentru-alexandru-carmistin-foundation.jpeg","datePublished":"2023-05-15T15:03:00+00:00","dateModified":"2024-02-14T09:39:34+00:00","description":"Alexandru a \u00eenfruntat, \u00eenc\u0103 de la o v\u00e2rst\u0103 fraged\u0103, cu foarte mult curaj, o maladie care i-a afectat membrele superioare \u0219i inferioare.","inLanguage":"en-US","potentialAction":[{"@type":"ReadAction","target":["https:\/\/carmistinfoundation.org\/impreuna-pentru-alexandru\/"]}]},{"@type":"ImageObject","inLanguage":"en-US","@id":"https:\/\/carmistinfoundation.org\/impreuna-pentru-alexandru\/#primaryimage","url":"https:\/\/carmistinfoundation.org\/wp-content\/uploads\/2024\/02\/impreuna-pentru-alexandru-carmistin-foundation.jpeg","contentUrl":"https:\/\/carmistinfoundation.org\/wp-content\/uploads\/2024\/02\/impreuna-pentru-alexandru-carmistin-foundation.jpeg","width":1292,"height":1075,"caption":"impreuna pentru alexandru carmistin foundation"},{"@type":"WebSite","@id":"https:\/\/carmistinfoundation.org\/#website","url":"https:\/\/carmistinfoundation.org\/","name":"Carmistin Foundation","description":"","publisher":{"@id":"https:\/\/carmistinfoundation.org\/#organization"},"potentialAction":[{"@type":"SearchAction","target":{"@type":"EntryPoint","urlTemplate":"https:\/\/carmistinfoundation.org\/?s={search_term_string}"},"query-input":{"@type":"PropertyValueSpecification","valueRequired":true,"valueName":"search_term_string"}}],"inLanguage":"en-US"},{"@type":"Organization","@id":"https:\/\/carmistinfoundation.org\/#organization","name":"Carmistin Foundation","url":"https:\/\/carmistinfoundation.org\/","logo":{"@type":"ImageObject","inLanguage":"en-US","@id":"https:\/\/carmistinfoundation.org\/#\/schema\/logo\/image\/","url":"https:\/\/carmistinfoundation.org\/wp-content\/uploads\/2020\/08\/logo-fundatia-carmistin_C_ALB.png","contentUrl":"https:\/\/carmistinfoundation.org\/wp-content\/uploads\/2020\/08\/logo-fundatia-carmistin_C_ALB.png","width":2275,"height":2275,"caption":"Funda\u021bia Carmistin"},"image":{"@id":"https:\/\/carmistinfoundation.org\/#\/schema\/logo\/image\/"}},{"@type":"Person","@id":"https:\/\/carmistinfoundation.org\/#\/schema\/person\/b671ada89585f8fceee36e5a27e5298c","name":"krmadmin","image":{"@type":"ImageObject","inLanguage":"en-US","@id":"https:\/\/carmistinfoundation.org\/#\/schema\/person\/image\/","url":"https:\/\/secure.gravatar.com\/avatar\/bbf325882b4218c94253349392a49358231982eedb2321f1d33835ff40f65fc1?s=96&d=mm&r=g","contentUrl":"https:\/\/secure.gravatar.com\/avatar\/bbf325882b4218c94253349392a49358231982eedb2321f1d33835ff40f65fc1?s=96&d=mm&r=g","caption":"krmadmin"},"sameAs":["https:\/\/carmistinfoundation.org"],"url":"https:\/\/carmistinfoundation.org\/en\/author\/krmadmin\/"}]}},"_links":{"self":[{"href":"https:\/\/carmistinfoundation.org\/en\/wp-json\/wp\/v2\/posts\/18639","targetHints":{"allow":["GET"]}}],"collection":[{"href":"https:\/\/carmistinfoundation.org\/en\/wp-json\/wp\/v2\/posts"}],"about":[{"href":"https:\/\/carmistinfoundation.org\/en\/wp-json\/wp\/v2\/types\/post"}],"author":[{"embeddable":true,"href":"https:\/\/carmistinfoundation.org\/en\/wp-json\/wp\/v2\/users\/1"}],"replies":[{"embeddable":true,"href":"https:\/\/carmistinfoundation.org\/en\/wp-json\/wp\/v2\/comments?post=18639"}],"version-history":[{"count":0,"href":"https:\/\/carmistinfoundation.org\/en\/wp-json\/wp\/v2\/posts\/18639\/revisions"}],"wp:featuredmedia":[{"embeddable":true,"href":"https:\/\/carmistinfoundation.org\/en\/wp-json\/wp\/v2\/media\/18640"}],"wp:attachment":[{"href":"https:\/\/carmistinfoundation.org\/en\/wp-json\/wp\/v2\/media?parent=18639"}],"wp:term":[{"taxonomy":"category","embeddable":true,"href":"https:\/\/carmistinfoundation.org\/en\/wp-json\/wp\/v2\/categories?post=18639"},{"taxonomy":"post_tag","embeddable":true,"href":"https:\/\/carmistinfoundation.org\/en\/wp-json\/wp\/v2\/tags?post=18639"}],"curies":[{"name":"wp","href":"https:\/\/api.w.org\/{rel}","templated":true}]}}